{"id":75982,"date":"2023-06-06T12:35:00","date_gmt":"2023-06-06T10:35:00","guid":{"rendered":"http:\/\/lamigraf.com\/development-of-renewable-energies\/"},"modified":"2025-03-20T15:47:31","modified_gmt":"2025-03-20T14:47:31","slug":"development-of-renewable-energies","status":"publish","type":"post","link":"https:\/\/www.lamigraf.com\/de\/development-of-renewable-energies\/","title":{"rendered":"Entwicklung erneuerbarer Energien"},"content":{"rendered":"<p data-start=\"0\" data-end=\"550\">LAMIGRAF, S.A. hat Unterst\u00fctzung f\u00fcr sein Eigenverbrauchsprojekt \u201ePhotovoltaikanlage f\u00fcr den Eigenverbrauch bei LAMIGRAF \u2013 l\u2019Ametlla del Vall\u00e8s\u201c erhalten, das durch den europ\u00e4ischen Wiederaufbau- und Resilienzmechanismus PRTR-Next Generation EU kofinanziert wird. Dieses Programm wird vom Ministerium f\u00fcr den \u00f6kologischen Wandel und die demografische Herausforderung \u00fcber das IDAE koordiniert und von den autonomen Gemeinschaften gem\u00e4\u00df dem K\u00f6niglichen Dekret 477\/2021 verwaltet, mit dem Ziel, eine sauberere und nachhaltigere Wirtschaft zu f\u00f6rdern.<\/p>\n<p data-start=\"552\" data-end=\"903\" data-is-last-node=\"\" data-is-only-node=\"\">Im Rahmen dieses Projekts wurde eine Eigenverbrauchsanlage auf Basis erneuerbarer Energiequellen entwickelt, die aus der Installation von Photovoltaikmodulen in den Einrichtungen von LAMIGRAF, S.A. in l\u2019Ametlla del Vall\u00e8s (Barcelona) besteht. Insgesamt wurden 1.649 Module mit je 455 Wp installiert, was einer Gesamtleistung von 750,29 kWp entspricht.<\/p>\n\n\n<figure class=\"wp-block-image size-large\"><img loading=\"lazy\" decoding=\"async\" width=\"1024\" height=\"548\" src=\"https:\/\/www.lamigraf.com\/wp-content\/uploads\/2023\/06\/Publicidad-web_AUTOCONSUM-ICAEN_2_LAMIGRAF52-scaled-1-1024x548.jpg\" alt=\"\" class=\"wp-image-86740\" srcset=\"https:\/\/www.lamigraf.com\/wp-content\/uploads\/2023\/06\/Publicidad-web_AUTOCONSUM-ICAEN_2_LAMIGRAF52-scaled-1-1024x548.jpg 1024w, https:\/\/www.lamigraf.com\/wp-content\/uploads\/2023\/06\/Publicidad-web_AUTOCONSUM-ICAEN_2_LAMIGRAF52-scaled-1-300x161.jpg 300w, https:\/\/www.lamigraf.com\/wp-content\/uploads\/2023\/06\/Publicidad-web_AUTOCONSUM-ICAEN_2_LAMIGRAF52-scaled-1-768x411.jpg 768w, https:\/\/www.lamigraf.com\/wp-content\/uploads\/2023\/06\/Publicidad-web_AUTOCONSUM-ICAEN_2_LAMIGRAF52-scaled-1-1536x823.jpg 1536w, https:\/\/www.lamigraf.com\/wp-content\/uploads\/2023\/06\/Publicidad-web_AUTOCONSUM-ICAEN_2_LAMIGRAF52-scaled-1-2048x1097.jpg 2048w\" sizes=\"auto, (max-width: 1024px) 100vw, 1024px\" \/><\/figure>\n","protected":false},"excerpt":{"rendered":"<p>LAMIGRAF, S.A. hat Unterst\u00fctzung f\u00fcr sein Eigenverbrauchsprojekt \u201ePhotovoltaikanlage f\u00fcr den Eigenverbrauch bei LAMIGRAF \u2013 l\u2019Ametlla del Vall\u00e8s\u201c erhalten, das durch den europ\u00e4ischen Wiederaufbau- und Resilienzmechanismus PRTR-Next Generation EU kofinanziert wird. Dieses Programm wird vom Ministerium f\u00fcr den \u00f6kologischen Wandel und die demografische Herausforderung \u00fcber das IDAE koordiniert und von den autonomen Gemeinschaften gem\u00e4\u00df dem K\u00f6niglichen [&hellip;]<\/p>\n","protected":false},"author":2,"featured_media":75973,"comment_status":"open","ping_status":"open","sticky":false,"template":"","format":"standard","meta":{"_acf_changed":false,"_gspb_post_css":"","footnotes":""},"categories":[663],"tags":[],"class_list":["post-75982","post","type-post","status-publish","format-standard","has-post-thumbnail","hentry","category-neuesten-nachrichten"],"acf":[],"yoast_head":"<!-- This site is optimized with the Yoast SEO plugin v25.2 - https:\/\/yoast.com\/wordpress\/plugins\/seo\/ -->\n<title>Entwicklung erneuerbarer Energien - Lamigraf<\/title>\n<meta name=\"robots\" content=\"index, follow, max-snippet:-1, max-image-preview:large, max-video-preview:-1\" \/>\n<link rel=\"canonical\" href=\"https:\/\/www.lamigraf.com\/desarrollo-de-energias-renovables\/\" \/>\n<meta property=\"og:locale\" content=\"de_DE\" \/>\n<meta property=\"og:type\" content=\"article\" \/>\n<meta property=\"og:title\" content=\"Entwicklung erneuerbarer Energien - Lamigraf\" \/>\n<meta property=\"og:description\" content=\"LAMIGRAF, S.A. hat Unterst\u00fctzung f\u00fcr sein Eigenverbrauchsprojekt \u201ePhotovoltaikanlage f\u00fcr den Eigenverbrauch bei LAMIGRAF \u2013 l\u2019Ametlla del Vall\u00e8s\u201c erhalten, das durch den europ\u00e4ischen Wiederaufbau- und Resilienzmechanismus PRTR-Next Generation EU kofinanziert wird. Dieses Programm wird vom Ministerium f\u00fcr den \u00f6kologischen Wandel und die demografische Herausforderung \u00fcber das IDAE koordiniert und von den autonomen Gemeinschaften gem\u00e4\u00df dem K\u00f6niglichen [&hellip;]\" \/>\n<meta property=\"og:url\" content=\"https:\/\/www.lamigraf.com\/desarrollo-de-energias-renovables\/\" \/>\n<meta property=\"og:site_name\" content=\"Lamigraf\" \/>\n<meta property=\"article:published_time\" content=\"2023-06-06T10:35:00+00:00\" \/>\n<meta property=\"article:modified_time\" content=\"2025-03-20T14:47:31+00:00\" \/>\n<meta property=\"og:image\" content=\"https:\/\/www.lamigraf.com\/wp-content\/uploads\/2024\/06\/shutterstock_1694623672-scaled-1.jpeg\" \/>\n\t<meta property=\"og:image:width\" content=\"2560\" \/>\n\t<meta property=\"og:image:height\" content=\"1350\" \/>\n\t<meta property=\"og:image:type\" content=\"image\/jpeg\" \/>\n<meta name=\"author\" content=\"Andres Gimeno\" \/>\n<meta name=\"twitter:card\" content=\"summary_large_image\" \/>\n<meta name=\"twitter:label1\" content=\"Verfasst von\" \/>\n\t<meta name=\"twitter:data1\" content=\"Andres Gimeno\" \/>\n\t<meta name=\"twitter:label2\" content=\"Gesch\u00e4tzte Lesezeit\" \/>\n\t<meta name=\"twitter:data2\" content=\"1\u00a0Minute\" \/>\n<script type=\"application\/ld+json\" class=\"yoast-schema-graph\">{\"@context\":\"https:\/\/schema.org\",\"@graph\":[{\"@type\":\"Article\",\"@id\":\"https:\/\/www.lamigraf.com\/desarrollo-de-energias-renovables\/#article\",\"isPartOf\":{\"@id\":\"https:\/\/www.lamigraf.com\/desarrollo-de-energias-renovables\/\"},\"author\":{\"name\":\"Andres Gimeno\",\"@id\":\"https:\/\/www.lamigraf.com\/#\/schema\/person\/dfe174307d009bbdfd0fc9a1be4781a2\"},\"headline\":\"Entwicklung erneuerbarer Energien\",\"datePublished\":\"2023-06-06T10:35:00+00:00\",\"dateModified\":\"2025-03-20T14:47:31+00:00\",\"mainEntityOfPage\":{\"@id\":\"https:\/\/www.lamigraf.com\/desarrollo-de-energias-renovables\/\"},\"wordCount\":125,\"commentCount\":0,\"publisher\":{\"@id\":\"https:\/\/www.lamigraf.com\/#organization\"},\"image\":{\"@id\":\"https:\/\/www.lamigraf.com\/desarrollo-de-energias-renovables\/#primaryimage\"},\"thumbnailUrl\":\"https:\/\/www.lamigraf.com\/wp-content\/uploads\/2024\/06\/shutterstock_1694623672-scaled-1.jpeg\",\"articleSection\":[\"Neuesten Nachrichten\"],\"inLanguage\":\"de\",\"potentialAction\":[{\"@type\":\"CommentAction\",\"name\":\"Comment\",\"target\":[\"https:\/\/www.lamigraf.com\/desarrollo-de-energias-renovables\/#respond\"]}]},{\"@type\":\"WebPage\",\"@id\":\"https:\/\/www.lamigraf.com\/desarrollo-de-energias-renovables\/\",\"url\":\"https:\/\/www.lamigraf.com\/desarrollo-de-energias-renovables\/\",\"name\":\"Entwicklung erneuerbarer Energien - Lamigraf\",\"isPartOf\":{\"@id\":\"https:\/\/www.lamigraf.com\/#website\"},\"primaryImageOfPage\":{\"@id\":\"https:\/\/www.lamigraf.com\/desarrollo-de-energias-renovables\/#primaryimage\"},\"image\":{\"@id\":\"https:\/\/www.lamigraf.com\/desarrollo-de-energias-renovables\/#primaryimage\"},\"thumbnailUrl\":\"https:\/\/www.lamigraf.com\/wp-content\/uploads\/2024\/06\/shutterstock_1694623672-scaled-1.jpeg\",\"datePublished\":\"2023-06-06T10:35:00+00:00\",\"dateModified\":\"2025-03-20T14:47:31+00:00\",\"breadcrumb\":{\"@id\":\"https:\/\/www.lamigraf.com\/desarrollo-de-energias-renovables\/#breadcrumb\"},\"inLanguage\":\"de\",\"potentialAction\":[{\"@type\":\"ReadAction\",\"target\":[\"https:\/\/www.lamigraf.com\/desarrollo-de-energias-renovables\/\"]}]},{\"@type\":\"ImageObject\",\"inLanguage\":\"de\",\"@id\":\"https:\/\/www.lamigraf.com\/desarrollo-de-energias-renovables\/#primaryimage\",\"url\":\"https:\/\/www.lamigraf.com\/wp-content\/uploads\/2024\/06\/shutterstock_1694623672-scaled-1.jpeg\",\"contentUrl\":\"https:\/\/www.lamigraf.com\/wp-content\/uploads\/2024\/06\/shutterstock_1694623672-scaled-1.jpeg\",\"width\":2560,\"height\":1350},{\"@type\":\"BreadcrumbList\",\"@id\":\"https:\/\/www.lamigraf.com\/desarrollo-de-energias-renovables\/#breadcrumb\",\"itemListElement\":[{\"@type\":\"ListItem\",\"position\":1,\"name\":\"Home\",\"item\":\"https:\/\/www.lamigraf.com\/de\/\"},{\"@type\":\"ListItem\",\"position\":2,\"name\":\"Entwicklung erneuerbarer Energien\"}]},{\"@type\":\"WebSite\",\"@id\":\"https:\/\/www.lamigraf.com\/#website\",\"url\":\"https:\/\/www.lamigraf.com\/\",\"name\":\"Lamigraf\",\"description\":\"\",\"publisher\":{\"@id\":\"https:\/\/www.lamigraf.com\/#organization\"},\"potentialAction\":[{\"@type\":\"SearchAction\",\"target\":{\"@type\":\"EntryPoint\",\"urlTemplate\":\"https:\/\/www.lamigraf.com\/?s={search_term_string}\"},\"query-input\":{\"@type\":\"PropertyValueSpecification\",\"valueRequired\":true,\"valueName\":\"search_term_string\"}}],\"inLanguage\":\"de\"},{\"@type\":\"Organization\",\"@id\":\"https:\/\/www.lamigraf.com\/#organization\",\"name\":\"Lamigraf\",\"url\":\"https:\/\/www.lamigraf.com\/\",\"logo\":{\"@type\":\"ImageObject\",\"inLanguage\":\"de\",\"@id\":\"https:\/\/www.lamigraf.com\/#\/schema\/logo\/image\/\",\"url\":\"https:\/\/www.lamigraf.com\/wp-content\/uploads\/2024\/05\/Logo-white.svg\",\"contentUrl\":\"https:\/\/www.lamigraf.com\/wp-content\/uploads\/2024\/05\/Logo-white.svg\",\"width\":147,\"height\":36,\"caption\":\"Lamigraf\"},\"image\":{\"@id\":\"https:\/\/www.lamigraf.com\/#\/schema\/logo\/image\/\"}},{\"@type\":\"Person\",\"@id\":\"https:\/\/www.lamigraf.com\/#\/schema\/person\/dfe174307d009bbdfd0fc9a1be4781a2\",\"name\":\"Andres Gimeno\",\"image\":{\"@type\":\"ImageObject\",\"inLanguage\":\"de\",\"@id\":\"https:\/\/www.lamigraf.com\/#\/schema\/person\/image\/\",\"url\":\"https:\/\/secure.gravatar.com\/avatar\/378e43fac2dffc0bc14b7217a61364fec1e417f5cfe9fb2813716035500da4c5?s=96&d=mm&r=g\",\"contentUrl\":\"https:\/\/secure.gravatar.com\/avatar\/378e43fac2dffc0bc14b7217a61364fec1e417f5cfe9fb2813716035500da4c5?s=96&d=mm&r=g\",\"caption\":\"Andres Gimeno\"},\"url\":\"https:\/\/www.lamigraf.com\/de\/author\/andres\/\"}]}<\/script>\n<!-- \/ Yoast SEO plugin. -->","yoast_head_json":{"title":"Entwicklung erneuerbarer Energien - Lamigraf","robots":{"index":"index","follow":"follow","max-snippet":"max-snippet:-1","max-image-preview":"max-image-preview:large","max-video-preview":"max-video-preview:-1"},"canonical":"https:\/\/www.lamigraf.com\/desarrollo-de-energias-renovables\/","og_locale":"de_DE","og_type":"article","og_title":"Entwicklung erneuerbarer Energien - Lamigraf","og_description":"LAMIGRAF, S.A. hat Unterst\u00fctzung f\u00fcr sein Eigenverbrauchsprojekt \u201ePhotovoltaikanlage f\u00fcr den Eigenverbrauch bei LAMIGRAF \u2013 l\u2019Ametlla del Vall\u00e8s\u201c erhalten, das durch den europ\u00e4ischen Wiederaufbau- und Resilienzmechanismus PRTR-Next Generation EU kofinanziert wird. Dieses Programm wird vom Ministerium f\u00fcr den \u00f6kologischen Wandel und die demografische Herausforderung \u00fcber das IDAE koordiniert und von den autonomen Gemeinschaften gem\u00e4\u00df dem K\u00f6niglichen [&hellip;]","og_url":"https:\/\/www.lamigraf.com\/desarrollo-de-energias-renovables\/","og_site_name":"Lamigraf","article_published_time":"2023-06-06T10:35:00+00:00","article_modified_time":"2025-03-20T14:47:31+00:00","og_image":[{"width":2560,"height":1350,"url":"https:\/\/www.lamigraf.com\/wp-content\/uploads\/2024\/06\/shutterstock_1694623672-scaled-1.jpeg","type":"image\/jpeg"}],"author":"Andres Gimeno","twitter_card":"summary_large_image","twitter_misc":{"Verfasst von":"Andres Gimeno","Gesch\u00e4tzte Lesezeit":"1\u00a0Minute"},"schema":{"@context":"https:\/\/schema.org","@graph":[{"@type":"Article","@id":"https:\/\/www.lamigraf.com\/desarrollo-de-energias-renovables\/#article","isPartOf":{"@id":"https:\/\/www.lamigraf.com\/desarrollo-de-energias-renovables\/"},"author":{"name":"Andres Gimeno","@id":"https:\/\/www.lamigraf.com\/#\/schema\/person\/dfe174307d009bbdfd0fc9a1be4781a2"},"headline":"Entwicklung erneuerbarer Energien","datePublished":"2023-06-06T10:35:00+00:00","dateModified":"2025-03-20T14:47:31+00:00","mainEntityOfPage":{"@id":"https:\/\/www.lamigraf.com\/desarrollo-de-energias-renovables\/"},"wordCount":125,"commentCount":0,"publisher":{"@id":"https:\/\/www.lamigraf.com\/#organization"},"image":{"@id":"https:\/\/www.lamigraf.com\/desarrollo-de-energias-renovables\/#primaryimage"},"thumbnailUrl":"https:\/\/www.lamigraf.com\/wp-content\/uploads\/2024\/06\/shutterstock_1694623672-scaled-1.jpeg","articleSection":["Neuesten Nachrichten"],"inLanguage":"de","potentialAction":[{"@type":"CommentAction","name":"Comment","target":["https:\/\/www.lamigraf.com\/desarrollo-de-energias-renovables\/#respond"]}]},{"@type":"WebPage","@id":"https:\/\/www.lamigraf.com\/desarrollo-de-energias-renovables\/","url":"https:\/\/www.lamigraf.com\/desarrollo-de-energias-renovables\/","name":"Entwicklung erneuerbarer Energien - Lamigraf","isPartOf":{"@id":"https:\/\/www.lamigraf.com\/#website"},"primaryImageOfPage":{"@id":"https:\/\/www.lamigraf.com\/desarrollo-de-energias-renovables\/#primaryimage"},"image":{"@id":"https:\/\/www.lamigraf.com\/desarrollo-de-energias-renovables\/#primaryimage"},"thumbnailUrl":"https:\/\/www.lamigraf.com\/wp-content\/uploads\/2024\/06\/shutterstock_1694623672-scaled-1.jpeg","datePublished":"2023-06-06T10:35:00+00:00","dateModified":"2025-03-20T14:47:31+00:00","breadcrumb":{"@id":"https:\/\/www.lamigraf.com\/desarrollo-de-energias-renovables\/#breadcrumb"},"inLanguage":"de","potentialAction":[{"@type":"ReadAction","target":["https:\/\/www.lamigraf.com\/desarrollo-de-energias-renovables\/"]}]},{"@type":"ImageObject","inLanguage":"de","@id":"https:\/\/www.lamigraf.com\/desarrollo-de-energias-renovables\/#primaryimage","url":"https:\/\/www.lamigraf.com\/wp-content\/uploads\/2024\/06\/shutterstock_1694623672-scaled-1.jpeg","contentUrl":"https:\/\/www.lamigraf.com\/wp-content\/uploads\/2024\/06\/shutterstock_1694623672-scaled-1.jpeg","width":2560,"height":1350},{"@type":"BreadcrumbList","@id":"https:\/\/www.lamigraf.com\/desarrollo-de-energias-renovables\/#breadcrumb","itemListElement":[{"@type":"ListItem","position":1,"name":"Home","item":"https:\/\/www.lamigraf.com\/de\/"},{"@type":"ListItem","position":2,"name":"Entwicklung erneuerbarer Energien"}]},{"@type":"WebSite","@id":"https:\/\/www.lamigraf.com\/#website","url":"https:\/\/www.lamigraf.com\/","name":"Lamigraf","description":"","publisher":{"@id":"https:\/\/www.lamigraf.com\/#organization"},"potentialAction":[{"@type":"SearchAction","target":{"@type":"EntryPoint","urlTemplate":"https:\/\/www.lamigraf.com\/?s={search_term_string}"},"query-input":{"@type":"PropertyValueSpecification","valueRequired":true,"valueName":"search_term_string"}}],"inLanguage":"de"},{"@type":"Organization","@id":"https:\/\/www.lamigraf.com\/#organization","name":"Lamigraf","url":"https:\/\/www.lamigraf.com\/","logo":{"@type":"ImageObject","inLanguage":"de","@id":"https:\/\/www.lamigraf.com\/#\/schema\/logo\/image\/","url":"https:\/\/www.lamigraf.com\/wp-content\/uploads\/2024\/05\/Logo-white.svg","contentUrl":"https:\/\/www.lamigraf.com\/wp-content\/uploads\/2024\/05\/Logo-white.svg","width":147,"height":36,"caption":"Lamigraf"},"image":{"@id":"https:\/\/www.lamigraf.com\/#\/schema\/logo\/image\/"}},{"@type":"Person","@id":"https:\/\/www.lamigraf.com\/#\/schema\/person\/dfe174307d009bbdfd0fc9a1be4781a2","name":"Andres Gimeno","image":{"@type":"ImageObject","inLanguage":"de","@id":"https:\/\/www.lamigraf.com\/#\/schema\/person\/image\/","url":"https:\/\/secure.gravatar.com\/avatar\/378e43fac2dffc0bc14b7217a61364fec1e417f5cfe9fb2813716035500da4c5?s=96&d=mm&r=g","contentUrl":"https:\/\/secure.gravatar.com\/avatar\/378e43fac2dffc0bc14b7217a61364fec1e417f5cfe9fb2813716035500da4c5?s=96&d=mm&r=g","caption":"Andres Gimeno"},"url":"https:\/\/www.lamigraf.com\/de\/author\/andres\/"}]}},"_links":{"self":[{"href":"https:\/\/www.lamigraf.com\/de\/wp-json\/wp\/v2\/posts\/75982","targetHints":{"allow":["GET"]}}],"collection":[{"href":"https:\/\/www.lamigraf.com\/de\/wp-json\/wp\/v2\/posts"}],"about":[{"href":"https:\/\/www.lamigraf.com\/de\/wp-json\/wp\/v2\/types\/post"}],"author":[{"embeddable":true,"href":"https:\/\/www.lamigraf.com\/de\/wp-json\/wp\/v2\/users\/2"}],"replies":[{"embeddable":true,"href":"https:\/\/www.lamigraf.com\/de\/wp-json\/wp\/v2\/comments?post=75982"}],"version-history":[{"count":3,"href":"https:\/\/www.lamigraf.com\/de\/wp-json\/wp\/v2\/posts\/75982\/revisions"}],"predecessor-version":[{"id":86747,"href":"https:\/\/www.lamigraf.com\/de\/wp-json\/wp\/v2\/posts\/75982\/revisions\/86747"}],"wp:featuredmedia":[{"embeddable":true,"href":"https:\/\/www.lamigraf.com\/de\/wp-json\/wp\/v2\/media\/75973"}],"wp:attachment":[{"href":"https:\/\/www.lamigraf.com\/de\/wp-json\/wp\/v2\/media?parent=75982"}],"wp:term":[{"taxonomy":"category","embeddable":true,"href":"https:\/\/www.lamigraf.com\/de\/wp-json\/wp\/v2\/categories?post=75982"},{"taxonomy":"post_tag","embeddable":true,"href":"https:\/\/www.lamigraf.com\/de\/wp-json\/wp\/v2\/tags?post=75982"}],"curies":[{"name":"wp","href":"https:\/\/api.w.org\/{rel}","templated":true}]}}