{"id":75758,"date":"2021-08-26T16:37:30","date_gmt":"2021-08-26T14:37:30","guid":{"rendered":"http:\/\/lamigraf.com\/lamigraf-inicia-tour-diseno-junto-hueck-likora\/"},"modified":"2025-03-13T16:11:35","modified_gmt":"2025-03-13T15:11:35","slug":"lamigraf-inicia-tour-diseno-junto-hueck-likora","status":"publish","type":"post","link":"https:\/\/www.lamigraf.com\/es\/lamigraf-inicia-tour-diseno-junto-hueck-likora\/","title":{"rendered":"Lamigraf inicia su Tour de dise\u00f1o junto con Hueck y Likora."},"content":{"rendered":"<p>Debido al momento de grandes cambios que estamos viviendo y bajo el lema de #wearenotmadetostop, Lamigraf mostrar\u00e1 su nueva selecci\u00f3n de dise\u00f1os 2021\/22 durante un tour que tendr\u00e1 lugar de septiembre a noviembre de 2021.<\/p>\n<p>Con el nuevo concepto de tendencia <strong>\u00abLA ERA DE RE\u00bb,<\/strong> el equipo de Lamigraf mostrar\u00e1 sus novedades en tendencias de decoraci\u00f3n e interiorismo. Una selecci\u00f3n de 35 nuevas decoraciones presentadas a trav\u00e9s de tres nuevos y frescos conceptos; RE-connect, RE-frame y RE-discover.<\/p>\n<p>Para ello, se ha adaptado un gran cami\u00f3n rojo con un concepto totalmente nuevo de dise\u00f1o de interiores para mostrar las \u00faltimas novedades de la nueva colecci\u00f3n y los nuevos productos y soluciones de superficie tanto para la industria de los suelos como del mobiliario.<\/p>\n<p>La gira comenzar\u00e1 el 31 de agosto en Turqu\u00eda y continuar\u00e1 por once pa\u00edses diferentes de Europa: Austria, Alemania, Polonia, Inglaterra, B\u00e9lgica, Francia, Espa\u00f1a, Portugal, Italia y Suiza. Adem\u00e1s, durante este Roadshow, Lamigraf contar\u00e1 con la presencia de dos grandes socios: <strong>Hueck Rheinische<\/strong>, l\u00edder mundial en el desarrollo y fabricaci\u00f3n de planchas de prensado para la industria de la madera y <strong>Likora<\/strong>, fabricante alem\u00e1n de Finish Foil para la industria del mueble y el dise\u00f1o de interiores.<\/p>\n<p>Este Roadshow, programado para tres meses, permitir\u00e1 a Lamigraf estar cerca de los clientes y profesionales de nuestro sector en cada uno de estos pa\u00edses, presentando toda la oferta de soluciones de superficie de la marca, de una forma novedosa, interactiva y respetable con la situaci\u00f3n de pandemia.<\/p>\n\n\n<figure class=\"wp-block-gallery has-nested-images columns-default is-cropped wp-block-gallery-1 is-layout-flex wp-block-gallery-is-layout-flex\">\n<figure class=\"wp-block-image size-large\"><img loading=\"lazy\" decoding=\"async\" width=\"1024\" height=\"576\" data-id=\"86281\" src=\"https:\/\/www.lamigraf.com\/wp-content\/uploads\/2021\/08\/DSC00388-1024x576.jpg\" alt=\"\" class=\"wp-image-86281\" srcset=\"https:\/\/www.lamigraf.com\/wp-content\/uploads\/2021\/08\/DSC00388-1024x576.jpg 1024w, https:\/\/www.lamigraf.com\/wp-content\/uploads\/2021\/08\/DSC00388-300x169.jpg 300w, https:\/\/www.lamigraf.com\/wp-content\/uploads\/2021\/08\/DSC00388-768x432.jpg 768w, https:\/\/www.lamigraf.com\/wp-content\/uploads\/2021\/08\/DSC00388-1536x865.jpg 1536w, https:\/\/www.lamigraf.com\/wp-content\/uploads\/2021\/08\/DSC00388-2048x1153.jpg 2048w\" sizes=\"auto, (max-width: 1024px) 100vw, 1024px\" \/><\/figure>\n\n\n\n<figure class=\"wp-block-image size-large\"><img loading=\"lazy\" decoding=\"async\" width=\"1024\" height=\"576\" data-id=\"86287\" src=\"https:\/\/www.lamigraf.com\/wp-content\/uploads\/2021\/08\/DSC00393-1024x576.jpg\" alt=\"\" class=\"wp-image-86287\" srcset=\"https:\/\/www.lamigraf.com\/wp-content\/uploads\/2021\/08\/DSC00393-1024x576.jpg 1024w, https:\/\/www.lamigraf.com\/wp-content\/uploads\/2021\/08\/DSC00393-300x169.jpg 300w, https:\/\/www.lamigraf.com\/wp-content\/uploads\/2021\/08\/DSC00393-768x432.jpg 768w, https:\/\/www.lamigraf.com\/wp-content\/uploads\/2021\/08\/DSC00393-1536x865.jpg 1536w, https:\/\/www.lamigraf.com\/wp-content\/uploads\/2021\/08\/DSC00393-2048x1153.jpg 2048w\" sizes=\"auto, (max-width: 1024px) 100vw, 1024px\" \/><\/figure>\n\n\n\n<figure class=\"wp-block-image size-large\"><img loading=\"lazy\" decoding=\"async\" width=\"1024\" height=\"576\" data-id=\"86293\" src=\"https:\/\/www.lamigraf.com\/wp-content\/uploads\/2021\/08\/DSC00402-1024x576.jpg\" alt=\"\" class=\"wp-image-86293\" srcset=\"https:\/\/www.lamigraf.com\/wp-content\/uploads\/2021\/08\/DSC00402-1024x576.jpg 1024w, https:\/\/www.lamigraf.com\/wp-content\/uploads\/2021\/08\/DSC00402-300x169.jpg 300w, https:\/\/www.lamigraf.com\/wp-content\/uploads\/2021\/08\/DSC00402-768x432.jpg 768w, https:\/\/www.lamigraf.com\/wp-content\/uploads\/2021\/08\/DSC00402-1536x865.jpg 1536w, https:\/\/www.lamigraf.com\/wp-content\/uploads\/2021\/08\/DSC00402-2048x1153.jpg 2048w\" sizes=\"auto, (max-width: 1024px) 100vw, 1024px\" \/><\/figure>\n\n\n\n<figure class=\"wp-block-image size-large\"><img loading=\"lazy\" decoding=\"async\" width=\"1024\" height=\"576\" data-id=\"86299\" src=\"https:\/\/www.lamigraf.com\/wp-content\/uploads\/2021\/08\/DSC02019-1024x576.jpg\" alt=\"\" class=\"wp-image-86299\" srcset=\"https:\/\/www.lamigraf.com\/wp-content\/uploads\/2021\/08\/DSC02019-1024x576.jpg 1024w, https:\/\/www.lamigraf.com\/wp-content\/uploads\/2021\/08\/DSC02019-300x169.jpg 300w, https:\/\/www.lamigraf.com\/wp-content\/uploads\/2021\/08\/DSC02019-768x432.jpg 768w, https:\/\/www.lamigraf.com\/wp-content\/uploads\/2021\/08\/DSC02019-1536x864.jpg 1536w, https:\/\/www.lamigraf.com\/wp-content\/uploads\/2021\/08\/DSC02019-2048x1152.jpg 2048w\" sizes=\"auto, (max-width: 1024px) 100vw, 1024px\" \/><\/figure>\n<\/figure>\n","protected":false},"excerpt":{"rendered":"<p>Debido al momento de grandes cambios que estamos viviendo y bajo el lema de #wearenotmadetostop, Lamigraf mostrar\u00e1 su nueva selecci\u00f3n de dise\u00f1os 2021\/22 durante un tour que tendr\u00e1 lugar de septiembre a noviembre de 2021. Con el nuevo concepto de tendencia \u00abLA ERA DE RE\u00bb, el equipo de Lamigraf mostrar\u00e1 sus novedades en tendencias de [&hellip;]<\/p>\n","protected":false},"author":2,"featured_media":75754,"comment_status":"open","ping_status":"open","sticky":false,"template":"","format":"standard","meta":{"_acf_changed":false,"_gspb_post_css":"","footnotes":""},"categories":[666],"tags":[],"class_list":["post-75758","post","type-post","status-publish","format-standard","has-post-thumbnail","hentry","category-evento"],"acf":[],"yoast_head":"<!-- This site is optimized with the Yoast SEO plugin v25.2 - https:\/\/yoast.com\/wordpress\/plugins\/seo\/ -->\n<title>Lamigraf inicia su Tour de dise\u00f1o junto con Hueck y Likora. - Lamigraf<\/title>\n<meta name=\"robots\" content=\"index, follow, max-snippet:-1, max-image-preview:large, max-video-preview:-1\" \/>\n<link rel=\"canonical\" href=\"https:\/\/www.lamigraf.com\/lamigraf-starts-design-tour-together-hueck-likora\/\" \/>\n<meta property=\"og:locale\" content=\"es_ES\" \/>\n<meta property=\"og:type\" content=\"article\" \/>\n<meta property=\"og:title\" content=\"Lamigraf inicia su Tour de dise\u00f1o junto con Hueck y Likora. - Lamigraf\" \/>\n<meta property=\"og:description\" content=\"Debido al momento de grandes cambios que estamos viviendo y bajo el lema de #wearenotmadetostop, Lamigraf mostrar\u00e1 su nueva selecci\u00f3n de dise\u00f1os 2021\/22 durante un tour que tendr\u00e1 lugar de septiembre a noviembre de 2021. Con el nuevo concepto de tendencia \u00abLA ERA DE RE\u00bb, el equipo de Lamigraf mostrar\u00e1 sus novedades en tendencias de [&hellip;]\" \/>\n<meta property=\"og:url\" content=\"https:\/\/www.lamigraf.com\/lamigraf-starts-design-tour-together-hueck-likora\/\" \/>\n<meta property=\"og:site_name\" content=\"Lamigraf\" \/>\n<meta property=\"article:published_time\" content=\"2021-08-26T14:37:30+00:00\" \/>\n<meta property=\"article:modified_time\" content=\"2025-03-13T15:11:35+00:00\" \/>\n<meta property=\"og:image\" content=\"https:\/\/www.lamigraf.com\/wp-content\/uploads\/2024\/06\/4072807f-8ea8-4096-9863-17992e10ca18.jpg\" \/>\n\t<meta property=\"og:image:width\" content=\"2048\" \/>\n\t<meta property=\"og:image:height\" content=\"1536\" \/>\n\t<meta property=\"og:image:type\" content=\"image\/jpeg\" \/>\n<meta name=\"author\" content=\"Andres Gimeno\" \/>\n<meta name=\"twitter:card\" content=\"summary_large_image\" \/>\n<meta name=\"twitter:label1\" content=\"Escrito por\" \/>\n\t<meta name=\"twitter:data1\" content=\"Andres Gimeno\" \/>\n\t<meta name=\"twitter:label2\" content=\"Tiempo de lectura\" \/>\n\t<meta name=\"twitter:data2\" content=\"1 minuto\" \/>\n<script type=\"application\/ld+json\" class=\"yoast-schema-graph\">{\"@context\":\"https:\/\/schema.org\",\"@graph\":[{\"@type\":\"Article\",\"@id\":\"https:\/\/www.lamigraf.com\/lamigraf-starts-design-tour-together-hueck-likora\/#article\",\"isPartOf\":{\"@id\":\"https:\/\/www.lamigraf.com\/lamigraf-starts-design-tour-together-hueck-likora\/\"},\"author\":{\"name\":\"Andres Gimeno\",\"@id\":\"https:\/\/www.lamigraf.com\/#\/schema\/person\/dfe174307d009bbdfd0fc9a1be4781a2\"},\"headline\":\"Lamigraf inicia su Tour de dise\u00f1o junto con Hueck y Likora.\",\"datePublished\":\"2021-08-26T14:37:30+00:00\",\"dateModified\":\"2025-03-13T15:11:35+00:00\",\"mainEntityOfPage\":{\"@id\":\"https:\/\/www.lamigraf.com\/lamigraf-starts-design-tour-together-hueck-likora\/\"},\"wordCount\":274,\"commentCount\":0,\"publisher\":{\"@id\":\"https:\/\/www.lamigraf.com\/#organization\"},\"image\":{\"@id\":\"https:\/\/www.lamigraf.com\/lamigraf-starts-design-tour-together-hueck-likora\/#primaryimage\"},\"thumbnailUrl\":\"https:\/\/www.lamigraf.com\/wp-content\/uploads\/2024\/06\/4072807f-8ea8-4096-9863-17992e10ca18.jpg\",\"articleSection\":[\"Evento\"],\"inLanguage\":\"es\",\"potentialAction\":[{\"@type\":\"CommentAction\",\"name\":\"Comment\",\"target\":[\"https:\/\/www.lamigraf.com\/lamigraf-starts-design-tour-together-hueck-likora\/#respond\"]}]},{\"@type\":\"WebPage\",\"@id\":\"https:\/\/www.lamigraf.com\/lamigraf-starts-design-tour-together-hueck-likora\/\",\"url\":\"https:\/\/www.lamigraf.com\/lamigraf-starts-design-tour-together-hueck-likora\/\",\"name\":\"Lamigraf inicia su Tour de dise\u00f1o junto con Hueck y Likora. - Lamigraf\",\"isPartOf\":{\"@id\":\"https:\/\/www.lamigraf.com\/#website\"},\"primaryImageOfPage\":{\"@id\":\"https:\/\/www.lamigraf.com\/lamigraf-starts-design-tour-together-hueck-likora\/#primaryimage\"},\"image\":{\"@id\":\"https:\/\/www.lamigraf.com\/lamigraf-starts-design-tour-together-hueck-likora\/#primaryimage\"},\"thumbnailUrl\":\"https:\/\/www.lamigraf.com\/wp-content\/uploads\/2024\/06\/4072807f-8ea8-4096-9863-17992e10ca18.jpg\",\"datePublished\":\"2021-08-26T14:37:30+00:00\",\"dateModified\":\"2025-03-13T15:11:35+00:00\",\"breadcrumb\":{\"@id\":\"https:\/\/www.lamigraf.com\/lamigraf-starts-design-tour-together-hueck-likora\/#breadcrumb\"},\"inLanguage\":\"es\",\"potentialAction\":[{\"@type\":\"ReadAction\",\"target\":[\"https:\/\/www.lamigraf.com\/lamigraf-starts-design-tour-together-hueck-likora\/\"]}]},{\"@type\":\"ImageObject\",\"inLanguage\":\"es\",\"@id\":\"https:\/\/www.lamigraf.com\/lamigraf-starts-design-tour-together-hueck-likora\/#primaryimage\",\"url\":\"https:\/\/www.lamigraf.com\/wp-content\/uploads\/2024\/06\/4072807f-8ea8-4096-9863-17992e10ca18.jpg\",\"contentUrl\":\"https:\/\/www.lamigraf.com\/wp-content\/uploads\/2024\/06\/4072807f-8ea8-4096-9863-17992e10ca18.jpg\",\"width\":2048,\"height\":1536},{\"@type\":\"BreadcrumbList\",\"@id\":\"https:\/\/www.lamigraf.com\/lamigraf-starts-design-tour-together-hueck-likora\/#breadcrumb\",\"itemListElement\":[{\"@type\":\"ListItem\",\"position\":1,\"name\":\"Home\",\"item\":\"https:\/\/www.lamigraf.com\/es\/\"},{\"@type\":\"ListItem\",\"position\":2,\"name\":\"Lamigraf inicia su Tour de dise\u00f1o junto con Hueck y Likora.\"}]},{\"@type\":\"WebSite\",\"@id\":\"https:\/\/www.lamigraf.com\/#website\",\"url\":\"https:\/\/www.lamigraf.com\/\",\"name\":\"Lamigraf\",\"description\":\"\",\"publisher\":{\"@id\":\"https:\/\/www.lamigraf.com\/#organization\"},\"potentialAction\":[{\"@type\":\"SearchAction\",\"target\":{\"@type\":\"EntryPoint\",\"urlTemplate\":\"https:\/\/www.lamigraf.com\/?s={search_term_string}\"},\"query-input\":{\"@type\":\"PropertyValueSpecification\",\"valueRequired\":true,\"valueName\":\"search_term_string\"}}],\"inLanguage\":\"es\"},{\"@type\":\"Organization\",\"@id\":\"https:\/\/www.lamigraf.com\/#organization\",\"name\":\"Lamigraf\",\"url\":\"https:\/\/www.lamigraf.com\/\",\"logo\":{\"@type\":\"ImageObject\",\"inLanguage\":\"es\",\"@id\":\"https:\/\/www.lamigraf.com\/#\/schema\/logo\/image\/\",\"url\":\"https:\/\/www.lamigraf.com\/wp-content\/uploads\/2024\/05\/Logo-white.svg\",\"contentUrl\":\"https:\/\/www.lamigraf.com\/wp-content\/uploads\/2024\/05\/Logo-white.svg\",\"width\":147,\"height\":36,\"caption\":\"Lamigraf\"},\"image\":{\"@id\":\"https:\/\/www.lamigraf.com\/#\/schema\/logo\/image\/\"}},{\"@type\":\"Person\",\"@id\":\"https:\/\/www.lamigraf.com\/#\/schema\/person\/dfe174307d009bbdfd0fc9a1be4781a2\",\"name\":\"Andres Gimeno\",\"image\":{\"@type\":\"ImageObject\",\"inLanguage\":\"es\",\"@id\":\"https:\/\/www.lamigraf.com\/#\/schema\/person\/image\/\",\"url\":\"https:\/\/secure.gravatar.com\/avatar\/378e43fac2dffc0bc14b7217a61364fec1e417f5cfe9fb2813716035500da4c5?s=96&d=mm&r=g\",\"contentUrl\":\"https:\/\/secure.gravatar.com\/avatar\/378e43fac2dffc0bc14b7217a61364fec1e417f5cfe9fb2813716035500da4c5?s=96&d=mm&r=g\",\"caption\":\"Andres Gimeno\"},\"url\":\"https:\/\/www.lamigraf.com\/es\/author\/andres\/\"}]}<\/script>\n<!-- \/ Yoast SEO plugin. -->","yoast_head_json":{"title":"Lamigraf inicia su Tour de dise\u00f1o junto con Hueck y Likora. - Lamigraf","robots":{"index":"index","follow":"follow","max-snippet":"max-snippet:-1","max-image-preview":"max-image-preview:large","max-video-preview":"max-video-preview:-1"},"canonical":"https:\/\/www.lamigraf.com\/lamigraf-starts-design-tour-together-hueck-likora\/","og_locale":"es_ES","og_type":"article","og_title":"Lamigraf inicia su Tour de dise\u00f1o junto con Hueck y Likora. - Lamigraf","og_description":"Debido al momento de grandes cambios que estamos viviendo y bajo el lema de #wearenotmadetostop, Lamigraf mostrar\u00e1 su nueva selecci\u00f3n de dise\u00f1os 2021\/22 durante un tour que tendr\u00e1 lugar de septiembre a noviembre de 2021. Con el nuevo concepto de tendencia \u00abLA ERA DE RE\u00bb, el equipo de Lamigraf mostrar\u00e1 sus novedades en tendencias de [&hellip;]","og_url":"https:\/\/www.lamigraf.com\/lamigraf-starts-design-tour-together-hueck-likora\/","og_site_name":"Lamigraf","article_published_time":"2021-08-26T14:37:30+00:00","article_modified_time":"2025-03-13T15:11:35+00:00","og_image":[{"width":2048,"height":1536,"url":"https:\/\/www.lamigraf.com\/wp-content\/uploads\/2024\/06\/4072807f-8ea8-4096-9863-17992e10ca18.jpg","type":"image\/jpeg"}],"author":"Andres Gimeno","twitter_card":"summary_large_image","twitter_misc":{"Escrito por":"Andres Gimeno","Tiempo de lectura":"1 minuto"},"schema":{"@context":"https:\/\/schema.org","@graph":[{"@type":"Article","@id":"https:\/\/www.lamigraf.com\/lamigraf-starts-design-tour-together-hueck-likora\/#article","isPartOf":{"@id":"https:\/\/www.lamigraf.com\/lamigraf-starts-design-tour-together-hueck-likora\/"},"author":{"name":"Andres Gimeno","@id":"https:\/\/www.lamigraf.com\/#\/schema\/person\/dfe174307d009bbdfd0fc9a1be4781a2"},"headline":"Lamigraf inicia su Tour de dise\u00f1o junto con Hueck y Likora.","datePublished":"2021-08-26T14:37:30+00:00","dateModified":"2025-03-13T15:11:35+00:00","mainEntityOfPage":{"@id":"https:\/\/www.lamigraf.com\/lamigraf-starts-design-tour-together-hueck-likora\/"},"wordCount":274,"commentCount":0,"publisher":{"@id":"https:\/\/www.lamigraf.com\/#organization"},"image":{"@id":"https:\/\/www.lamigraf.com\/lamigraf-starts-design-tour-together-hueck-likora\/#primaryimage"},"thumbnailUrl":"https:\/\/www.lamigraf.com\/wp-content\/uploads\/2024\/06\/4072807f-8ea8-4096-9863-17992e10ca18.jpg","articleSection":["Evento"],"inLanguage":"es","potentialAction":[{"@type":"CommentAction","name":"Comment","target":["https:\/\/www.lamigraf.com\/lamigraf-starts-design-tour-together-hueck-likora\/#respond"]}]},{"@type":"WebPage","@id":"https:\/\/www.lamigraf.com\/lamigraf-starts-design-tour-together-hueck-likora\/","url":"https:\/\/www.lamigraf.com\/lamigraf-starts-design-tour-together-hueck-likora\/","name":"Lamigraf inicia su Tour de dise\u00f1o junto con Hueck y Likora. - Lamigraf","isPartOf":{"@id":"https:\/\/www.lamigraf.com\/#website"},"primaryImageOfPage":{"@id":"https:\/\/www.lamigraf.com\/lamigraf-starts-design-tour-together-hueck-likora\/#primaryimage"},"image":{"@id":"https:\/\/www.lamigraf.com\/lamigraf-starts-design-tour-together-hueck-likora\/#primaryimage"},"thumbnailUrl":"https:\/\/www.lamigraf.com\/wp-content\/uploads\/2024\/06\/4072807f-8ea8-4096-9863-17992e10ca18.jpg","datePublished":"2021-08-26T14:37:30+00:00","dateModified":"2025-03-13T15:11:35+00:00","breadcrumb":{"@id":"https:\/\/www.lamigraf.com\/lamigraf-starts-design-tour-together-hueck-likora\/#breadcrumb"},"inLanguage":"es","potentialAction":[{"@type":"ReadAction","target":["https:\/\/www.lamigraf.com\/lamigraf-starts-design-tour-together-hueck-likora\/"]}]},{"@type":"ImageObject","inLanguage":"es","@id":"https:\/\/www.lamigraf.com\/lamigraf-starts-design-tour-together-hueck-likora\/#primaryimage","url":"https:\/\/www.lamigraf.com\/wp-content\/uploads\/2024\/06\/4072807f-8ea8-4096-9863-17992e10ca18.jpg","contentUrl":"https:\/\/www.lamigraf.com\/wp-content\/uploads\/2024\/06\/4072807f-8ea8-4096-9863-17992e10ca18.jpg","width":2048,"height":1536},{"@type":"BreadcrumbList","@id":"https:\/\/www.lamigraf.com\/lamigraf-starts-design-tour-together-hueck-likora\/#breadcrumb","itemListElement":[{"@type":"ListItem","position":1,"name":"Home","item":"https:\/\/www.lamigraf.com\/es\/"},{"@type":"ListItem","position":2,"name":"Lamigraf inicia su Tour de dise\u00f1o junto con Hueck y Likora."}]},{"@type":"WebSite","@id":"https:\/\/www.lamigraf.com\/#website","url":"https:\/\/www.lamigraf.com\/","name":"Lamigraf","description":"","publisher":{"@id":"https:\/\/www.lamigraf.com\/#organization"},"potentialAction":[{"@type":"SearchAction","target":{"@type":"EntryPoint","urlTemplate":"https:\/\/www.lamigraf.com\/?s={search_term_string}"},"query-input":{"@type":"PropertyValueSpecification","valueRequired":true,"valueName":"search_term_string"}}],"inLanguage":"es"},{"@type":"Organization","@id":"https:\/\/www.lamigraf.com\/#organization","name":"Lamigraf","url":"https:\/\/www.lamigraf.com\/","logo":{"@type":"ImageObject","inLanguage":"es","@id":"https:\/\/www.lamigraf.com\/#\/schema\/logo\/image\/","url":"https:\/\/www.lamigraf.com\/wp-content\/uploads\/2024\/05\/Logo-white.svg","contentUrl":"https:\/\/www.lamigraf.com\/wp-content\/uploads\/2024\/05\/Logo-white.svg","width":147,"height":36,"caption":"Lamigraf"},"image":{"@id":"https:\/\/www.lamigraf.com\/#\/schema\/logo\/image\/"}},{"@type":"Person","@id":"https:\/\/www.lamigraf.com\/#\/schema\/person\/dfe174307d009bbdfd0fc9a1be4781a2","name":"Andres Gimeno","image":{"@type":"ImageObject","inLanguage":"es","@id":"https:\/\/www.lamigraf.com\/#\/schema\/person\/image\/","url":"https:\/\/secure.gravatar.com\/avatar\/378e43fac2dffc0bc14b7217a61364fec1e417f5cfe9fb2813716035500da4c5?s=96&d=mm&r=g","contentUrl":"https:\/\/secure.gravatar.com\/avatar\/378e43fac2dffc0bc14b7217a61364fec1e417f5cfe9fb2813716035500da4c5?s=96&d=mm&r=g","caption":"Andres Gimeno"},"url":"https:\/\/www.lamigraf.com\/es\/author\/andres\/"}]}},"_links":{"self":[{"href":"https:\/\/www.lamigraf.com\/es\/wp-json\/wp\/v2\/posts\/75758","targetHints":{"allow":["GET"]}}],"collection":[{"href":"https:\/\/www.lamigraf.com\/es\/wp-json\/wp\/v2\/posts"}],"about":[{"href":"https:\/\/www.lamigraf.com\/es\/wp-json\/wp\/v2\/types\/post"}],"author":[{"embeddable":true,"href":"https:\/\/www.lamigraf.com\/es\/wp-json\/wp\/v2\/users\/2"}],"replies":[{"embeddable":true,"href":"https:\/\/www.lamigraf.com\/es\/wp-json\/wp\/v2\/comments?post=75758"}],"version-history":[{"count":2,"href":"https:\/\/www.lamigraf.com\/es\/wp-json\/wp\/v2\/posts\/75758\/revisions"}],"predecessor-version":[{"id":86436,"href":"https:\/\/www.lamigraf.com\/es\/wp-json\/wp\/v2\/posts\/75758\/revisions\/86436"}],"wp:featuredmedia":[{"embeddable":true,"href":"https:\/\/www.lamigraf.com\/es\/wp-json\/wp\/v2\/media\/75754"}],"wp:attachment":[{"href":"https:\/\/www.lamigraf.com\/es\/wp-json\/wp\/v2\/media?parent=75758"}],"wp:term":[{"taxonomy":"category","embeddable":true,"href":"https:\/\/www.lamigraf.com\/es\/wp-json\/wp\/v2\/categories?post=75758"},{"taxonomy":"post_tag","embeddable":true,"href":"https:\/\/www.lamigraf.com\/es\/wp-json\/wp\/v2\/tags?post=75758"}],"curies":[{"name":"wp","href":"https:\/\/api.w.org\/{rel}","templated":true}]}}