{"id":75873,"date":"2022-09-20T08:59:23","date_gmt":"2022-09-20T06:59:23","guid":{"rendered":"http:\/\/lamigraf.com\/lamigraf-participa-interzum-guangzhou-2022\/"},"modified":"2025-03-20T12:04:36","modified_gmt":"2025-03-20T11:04:36","slug":"lamigraf-participa-interzum-guangzhou-2022","status":"publish","type":"post","link":"https:\/\/www.lamigraf.com\/es\/lamigraf-participa-interzum-guangzhou-2022\/","title":{"rendered":"Lamigraf participa en Interzum Guangzhou 2022"},"content":{"rendered":"<p>A pesar de las restricciones y dificultades a las que nos hemos enfrentado este a\u00f1o debido a la pandemia en China, Lamigraf pudo participar con \u00e9xito en la feria Interzum Guangzhou.<\/p>\n<p>Interzum Guangzhou, la feria m\u00e1s influyente de la industria de producci\u00f3n de muebles, maquinaria para la madera y decoraci\u00f3n de interiores en Asia, tuvo lugar del 26 al 29 de julio en el sur de China.<\/p>\n<p>Este a\u00f1o, alrededor de 1200 expositores han presentado sus productos y novedades, y entre ellos se encuentran casi 194 marcas internacionales l\u00edderes del sector con productos innovadores y de alta calidad.<\/p>\n<p>Lamigraf ha presentado la nueva colecci\u00f3n 2021\/22 en un stand de 114 metros cuadrados y bajo el nuevo lema de la Era del Re. Esta colecci\u00f3n ha sido muy bien acogida por nuestros clientes, destacando sobre todo las nuevas piedras y maderas lineales.<\/p>\n<p>Tambi\u00e9n hemos contado con la participaci\u00f3n de nuestro nuevo director de ventas Thomas Hong. \u00a1Bienvenido a bordo Thomas!<\/p>\n<p>\u00a0<\/p>\n\n\n<figure class=\"wp-block-gallery has-nested-images columns-default is-cropped wp-block-gallery-1 is-layout-flex wp-block-gallery-is-layout-flex\">\n<figure class=\"wp-block-image size-large\"><img loading=\"lazy\" decoding=\"async\" width=\"1024\" height=\"683\" data-id=\"85606\" src=\"https:\/\/www.lamigraf.com\/wp-content\/uploads\/2022\/09\/IMG_9073-1024x683.jpg\" alt=\"\" class=\"wp-image-85606\" srcset=\"https:\/\/www.lamigraf.com\/wp-content\/uploads\/2022\/09\/IMG_9073-1024x683.jpg 1024w, https:\/\/www.lamigraf.com\/wp-content\/uploads\/2022\/09\/IMG_9073-300x200.jpg 300w, https:\/\/www.lamigraf.com\/wp-content\/uploads\/2022\/09\/IMG_9073-768x512.jpg 768w, https:\/\/www.lamigraf.com\/wp-content\/uploads\/2022\/09\/IMG_9073-1536x1024.jpg 1536w, https:\/\/www.lamigraf.com\/wp-content\/uploads\/2022\/09\/IMG_9073.jpg 1992w\" sizes=\"auto, (max-width: 1024px) 100vw, 1024px\" \/><\/figure>\n\n\n\n<figure class=\"wp-block-image size-large\"><img loading=\"lazy\" decoding=\"async\" width=\"1024\" height=\"683\" data-id=\"85612\" src=\"https:\/\/www.lamigraf.com\/wp-content\/uploads\/2022\/09\/IMG_9079-1024x683.jpg\" alt=\"\" class=\"wp-image-85612\" srcset=\"https:\/\/www.lamigraf.com\/wp-content\/uploads\/2022\/09\/IMG_9079-1024x683.jpg 1024w, https:\/\/www.lamigraf.com\/wp-content\/uploads\/2022\/09\/IMG_9079-300x200.jpg 300w, https:\/\/www.lamigraf.com\/wp-content\/uploads\/2022\/09\/IMG_9079-768x512.jpg 768w, https:\/\/www.lamigraf.com\/wp-content\/uploads\/2022\/09\/IMG_9079-1536x1024.jpg 1536w, https:\/\/www.lamigraf.com\/wp-content\/uploads\/2022\/09\/IMG_9079.jpg 1620w\" sizes=\"auto, (max-width: 1024px) 100vw, 1024px\" \/><\/figure>\n<\/figure>\n\n\n\n<figure class=\"wp-block-image size-large\"><img loading=\"lazy\" decoding=\"async\" width=\"1024\" height=\"646\" src=\"https:\/\/www.lamigraf.com\/wp-content\/uploads\/2022\/09\/MicrosoftTeams-image-65-1024x646.jpg\" alt=\"\" class=\"wp-image-85642\" srcset=\"https:\/\/www.lamigraf.com\/wp-content\/uploads\/2022\/09\/MicrosoftTeams-image-65-1024x646.jpg 1024w, https:\/\/www.lamigraf.com\/wp-content\/uploads\/2022\/09\/MicrosoftTeams-image-65-300x189.jpg 300w, https:\/\/www.lamigraf.com\/wp-content\/uploads\/2022\/09\/MicrosoftTeams-image-65-768x484.jpg 768w, https:\/\/www.lamigraf.com\/wp-content\/uploads\/2022\/09\/MicrosoftTeams-image-65-1536x969.jpg 1536w, https:\/\/www.lamigraf.com\/wp-content\/uploads\/2022\/09\/MicrosoftTeams-image-65-2048x1292.jpg 2048w\" sizes=\"auto, (max-width: 1024px) 100vw, 1024px\" \/><\/figure>\n\n\n\n<figure class=\"wp-block-gallery has-nested-images columns-default is-cropped wp-block-gallery-2 is-layout-flex wp-block-gallery-is-layout-flex\">\n<figure class=\"wp-block-image size-large\"><img loading=\"lazy\" decoding=\"async\" width=\"768\" height=\"1024\" data-id=\"85630\" src=\"https:\/\/www.lamigraf.com\/wp-content\/uploads\/2022\/09\/MicrosoftTeams-image-49-768x1024.jpg\" alt=\"\" class=\"wp-image-85630\" srcset=\"https:\/\/www.lamigraf.com\/wp-content\/uploads\/2022\/09\/MicrosoftTeams-image-49-768x1024.jpg 768w, https:\/\/www.lamigraf.com\/wp-content\/uploads\/2022\/09\/MicrosoftTeams-image-49-225x300.jpg 225w, https:\/\/www.lamigraf.com\/wp-content\/uploads\/2022\/09\/MicrosoftTeams-image-49-1152x1536.jpg 1152w, https:\/\/www.lamigraf.com\/wp-content\/uploads\/2022\/09\/MicrosoftTeams-image-49-1536x2048.jpg 1536w, https:\/\/www.lamigraf.com\/wp-content\/uploads\/2022\/09\/MicrosoftTeams-image-49-scaled.jpg 1920w\" sizes=\"auto, (max-width: 768px) 100vw, 768px\" \/><\/figure>\n\n\n\n<figure class=\"wp-block-image size-large\"><img loading=\"lazy\" decoding=\"async\" width=\"796\" height=\"1024\" data-id=\"85618\" src=\"https:\/\/www.lamigraf.com\/wp-content\/uploads\/2022\/09\/MicrosoftTeams-image-44-796x1024.jpg\" alt=\"\" class=\"wp-image-85618\" srcset=\"https:\/\/www.lamigraf.com\/wp-content\/uploads\/2022\/09\/MicrosoftTeams-image-44-796x1024.jpg 796w, https:\/\/www.lamigraf.com\/wp-content\/uploads\/2022\/09\/MicrosoftTeams-image-44-233x300.jpg 233w, https:\/\/www.lamigraf.com\/wp-content\/uploads\/2022\/09\/MicrosoftTeams-image-44-768x988.jpg 768w, https:\/\/www.lamigraf.com\/wp-content\/uploads\/2022\/09\/MicrosoftTeams-image-44-1194x1536.jpg 1194w, https:\/\/www.lamigraf.com\/wp-content\/uploads\/2022\/09\/MicrosoftTeams-image-44-1592x2048.jpg 1592w, https:\/\/www.lamigraf.com\/wp-content\/uploads\/2022\/09\/MicrosoftTeams-image-44-scaled.jpg 1991w\" sizes=\"auto, (max-width: 796px) 100vw, 796px\" \/><\/figure>\n\n\n\n<figure class=\"wp-block-image size-large\"><img loading=\"lazy\" decoding=\"async\" width=\"1024\" height=\"1024\" data-id=\"85648\" src=\"https:\/\/www.lamigraf.com\/wp-content\/uploads\/2022\/09\/MicrosoftTeams-image-66-1024x1024.jpg\" alt=\"\" class=\"wp-image-85648\" srcset=\"https:\/\/www.lamigraf.com\/wp-content\/uploads\/2022\/09\/MicrosoftTeams-image-66-1024x1024.jpg 1024w, https:\/\/www.lamigraf.com\/wp-content\/uploads\/2022\/09\/MicrosoftTeams-image-66-300x300.jpg 300w, https:\/\/www.lamigraf.com\/wp-content\/uploads\/2022\/09\/MicrosoftTeams-image-66-150x150.jpg 150w, https:\/\/www.lamigraf.com\/wp-content\/uploads\/2022\/09\/MicrosoftTeams-image-66-768x768.jpg 768w, https:\/\/www.lamigraf.com\/wp-content\/uploads\/2022\/09\/MicrosoftTeams-image-66-1536x1536.jpg 1536w, https:\/\/www.lamigraf.com\/wp-content\/uploads\/2022\/09\/MicrosoftTeams-image-66-2048x2048.jpg 2048w\" sizes=\"auto, (max-width: 1024px) 100vw, 1024px\" \/><\/figure>\n\n\n\n<figure class=\"wp-block-image size-large\"><img loading=\"lazy\" decoding=\"async\" width=\"1024\" height=\"683\" data-id=\"85636\" src=\"https:\/\/www.lamigraf.com\/wp-content\/uploads\/2022\/09\/MicrosoftTeams-image-56-1024x683.jpg\" alt=\"\" class=\"wp-image-85636\" srcset=\"https:\/\/www.lamigraf.com\/wp-content\/uploads\/2022\/09\/MicrosoftTeams-image-56-1024x683.jpg 1024w, https:\/\/www.lamigraf.com\/wp-content\/uploads\/2022\/09\/MicrosoftTeams-image-56-300x200.jpg 300w, https:\/\/www.lamigraf.com\/wp-content\/uploads\/2022\/09\/MicrosoftTeams-image-56-768x512.jpg 768w, https:\/\/www.lamigraf.com\/wp-content\/uploads\/2022\/09\/MicrosoftTeams-image-56-1536x1024.jpg 1536w, https:\/\/www.lamigraf.com\/wp-content\/uploads\/2022\/09\/MicrosoftTeams-image-56-2048x1365.jpg 2048w\" sizes=\"auto, (max-width: 1024px) 100vw, 1024px\" \/><\/figure>\n\n\n\n<figure class=\"wp-block-image size-large\"><img loading=\"lazy\" decoding=\"async\" width=\"1024\" height=\"1024\" data-id=\"85654\" src=\"https:\/\/www.lamigraf.com\/wp-content\/uploads\/2022\/09\/WhatsApp-Image-2022-07-29-at-11.50.50-1024x1024.jpeg\" alt=\"\" class=\"wp-image-85654\" srcset=\"https:\/\/www.lamigraf.com\/wp-content\/uploads\/2022\/09\/WhatsApp-Image-2022-07-29-at-11.50.50-1024x1024.jpeg 1024w, https:\/\/www.lamigraf.com\/wp-content\/uploads\/2022\/09\/WhatsApp-Image-2022-07-29-at-11.50.50-300x300.jpeg 300w, https:\/\/www.lamigraf.com\/wp-content\/uploads\/2022\/09\/WhatsApp-Image-2022-07-29-at-11.50.50-150x150.jpeg 150w, https:\/\/www.lamigraf.com\/wp-content\/uploads\/2022\/09\/WhatsApp-Image-2022-07-29-at-11.50.50-768x768.jpeg 768w, https:\/\/www.lamigraf.com\/wp-content\/uploads\/2022\/09\/WhatsApp-Image-2022-07-29-at-11.50.50.jpeg 1280w\" sizes=\"auto, (max-width: 1024px) 100vw, 1024px\" \/><\/figure>\n<\/figure>\n","protected":false},"excerpt":{"rendered":"<p>A pesar de las restricciones y dificultades a las que nos hemos enfrentado este a\u00f1o debido a la pandemia en China, Lamigraf pudo participar con \u00e9xito en la feria Interzum Guangzhou. Interzum Guangzhou, la feria m\u00e1s influyente de la industria de producci\u00f3n de muebles, maquinaria para la madera y decoraci\u00f3n de interiores en Asia, tuvo [&hellip;]<\/p>\n","protected":false},"author":2,"featured_media":75851,"comment_status":"open","ping_status":"open","sticky":false,"template":"","format":"standard","meta":{"_acf_changed":false,"_gspb_post_css":"","footnotes":""},"categories":[668],"tags":[],"class_list":["post-75873","post","type-post","status-publish","format-standard","has-post-thumbnail","hentry","category-feria"],"acf":[],"yoast_head":"<!-- This site is optimized with the Yoast SEO plugin v25.2 - https:\/\/yoast.com\/wordpress\/plugins\/seo\/ -->\n<title>Lamigraf participa en Interzum Guangzhou 2022 - Lamigraf<\/title>\n<meta name=\"robots\" content=\"index, follow, max-snippet:-1, max-image-preview:large, max-video-preview:-1\" \/>\n<link rel=\"canonical\" href=\"https:\/\/www.lamigraf.com\/es\/lamigraf-participa-interzum-guangzhou-2022\/\" \/>\n<meta property=\"og:locale\" content=\"es_ES\" \/>\n<meta property=\"og:type\" content=\"article\" \/>\n<meta property=\"og:title\" content=\"Lamigraf participa en Interzum Guangzhou 2022 - Lamigraf\" \/>\n<meta property=\"og:description\" content=\"A pesar de las restricciones y dificultades a las que nos hemos enfrentado este a\u00f1o debido a la pandemia en China, Lamigraf pudo participar con \u00e9xito en la feria Interzum Guangzhou. Interzum Guangzhou, la feria m\u00e1s influyente de la industria de producci\u00f3n de muebles, maquinaria para la madera y decoraci\u00f3n de interiores en Asia, tuvo [&hellip;]\" \/>\n<meta property=\"og:url\" content=\"https:\/\/www.lamigraf.com\/es\/lamigraf-participa-interzum-guangzhou-2022\/\" \/>\n<meta property=\"og:site_name\" content=\"Lamigraf\" \/>\n<meta property=\"article:published_time\" content=\"2022-09-20T06:59:23+00:00\" \/>\n<meta property=\"article:modified_time\" content=\"2025-03-20T11:04:36+00:00\" \/>\n<meta property=\"og:image\" content=\"https:\/\/www.lamigraf.com\/wp-content\/uploads\/2024\/06\/IMG_9073.jpg\" \/>\n\t<meta property=\"og:image:width\" content=\"1992\" \/>\n\t<meta property=\"og:image:height\" content=\"1328\" \/>\n\t<meta property=\"og:image:type\" content=\"image\/jpeg\" \/>\n<meta name=\"author\" content=\"Andres Gimeno\" \/>\n<meta name=\"twitter:card\" content=\"summary_large_image\" \/>\n<meta name=\"twitter:label1\" content=\"Escrito por\" \/>\n\t<meta name=\"twitter:data1\" content=\"Andres Gimeno\" \/>\n\t<meta name=\"twitter:label2\" content=\"Tiempo de lectura\" \/>\n\t<meta name=\"twitter:data2\" content=\"1 minuto\" \/>\n<script type=\"application\/ld+json\" class=\"yoast-schema-graph\">{\"@context\":\"https:\/\/schema.org\",\"@graph\":[{\"@type\":\"Article\",\"@id\":\"https:\/\/www.lamigraf.com\/es\/lamigraf-participa-interzum-guangzhou-2022\/#article\",\"isPartOf\":{\"@id\":\"https:\/\/www.lamigraf.com\/es\/lamigraf-participa-interzum-guangzhou-2022\/\"},\"author\":{\"name\":\"Andres Gimeno\",\"@id\":\"https:\/\/www.lamigraf.com\/#\/schema\/person\/dfe174307d009bbdfd0fc9a1be4781a2\"},\"headline\":\"Lamigraf participa en Interzum Guangzhou 2022\",\"datePublished\":\"2022-09-20T06:59:23+00:00\",\"dateModified\":\"2025-03-20T11:04:36+00:00\",\"mainEntityOfPage\":{\"@id\":\"https:\/\/www.lamigraf.com\/es\/lamigraf-participa-interzum-guangzhou-2022\/\"},\"wordCount\":168,\"commentCount\":0,\"publisher\":{\"@id\":\"https:\/\/www.lamigraf.com\/#organization\"},\"image\":{\"@id\":\"https:\/\/www.lamigraf.com\/es\/lamigraf-participa-interzum-guangzhou-2022\/#primaryimage\"},\"thumbnailUrl\":\"https:\/\/www.lamigraf.com\/wp-content\/uploads\/2024\/06\/IMG_9073.jpg\",\"articleSection\":[\"Feria\"],\"inLanguage\":\"es\",\"potentialAction\":[{\"@type\":\"CommentAction\",\"name\":\"Comment\",\"target\":[\"https:\/\/www.lamigraf.com\/es\/lamigraf-participa-interzum-guangzhou-2022\/#respond\"]}]},{\"@type\":\"WebPage\",\"@id\":\"https:\/\/www.lamigraf.com\/es\/lamigraf-participa-interzum-guangzhou-2022\/\",\"url\":\"https:\/\/www.lamigraf.com\/es\/lamigraf-participa-interzum-guangzhou-2022\/\",\"name\":\"Lamigraf participa en Interzum Guangzhou 2022 - Lamigraf\",\"isPartOf\":{\"@id\":\"https:\/\/www.lamigraf.com\/#website\"},\"primaryImageOfPage\":{\"@id\":\"https:\/\/www.lamigraf.com\/es\/lamigraf-participa-interzum-guangzhou-2022\/#primaryimage\"},\"image\":{\"@id\":\"https:\/\/www.lamigraf.com\/es\/lamigraf-participa-interzum-guangzhou-2022\/#primaryimage\"},\"thumbnailUrl\":\"https:\/\/www.lamigraf.com\/wp-content\/uploads\/2024\/06\/IMG_9073.jpg\",\"datePublished\":\"2022-09-20T06:59:23+00:00\",\"dateModified\":\"2025-03-20T11:04:36+00:00\",\"breadcrumb\":{\"@id\":\"https:\/\/www.lamigraf.com\/es\/lamigraf-participa-interzum-guangzhou-2022\/#breadcrumb\"},\"inLanguage\":\"es\",\"potentialAction\":[{\"@type\":\"ReadAction\",\"target\":[\"https:\/\/www.lamigraf.com\/es\/lamigraf-participa-interzum-guangzhou-2022\/\"]}]},{\"@type\":\"ImageObject\",\"inLanguage\":\"es\",\"@id\":\"https:\/\/www.lamigraf.com\/es\/lamigraf-participa-interzum-guangzhou-2022\/#primaryimage\",\"url\":\"https:\/\/www.lamigraf.com\/wp-content\/uploads\/2024\/06\/IMG_9073.jpg\",\"contentUrl\":\"https:\/\/www.lamigraf.com\/wp-content\/uploads\/2024\/06\/IMG_9073.jpg\",\"width\":1992,\"height\":1328},{\"@type\":\"BreadcrumbList\",\"@id\":\"https:\/\/www.lamigraf.com\/es\/lamigraf-participa-interzum-guangzhou-2022\/#breadcrumb\",\"itemListElement\":[{\"@type\":\"ListItem\",\"position\":1,\"name\":\"Home\",\"item\":\"https:\/\/www.lamigraf.com\/es\/\"},{\"@type\":\"ListItem\",\"position\":2,\"name\":\"Lamigraf participa en Interzum Guangzhou 2022\"}]},{\"@type\":\"WebSite\",\"@id\":\"https:\/\/www.lamigraf.com\/#website\",\"url\":\"https:\/\/www.lamigraf.com\/\",\"name\":\"Lamigraf\",\"description\":\"\",\"publisher\":{\"@id\":\"https:\/\/www.lamigraf.com\/#organization\"},\"potentialAction\":[{\"@type\":\"SearchAction\",\"target\":{\"@type\":\"EntryPoint\",\"urlTemplate\":\"https:\/\/www.lamigraf.com\/?s={search_term_string}\"},\"query-input\":{\"@type\":\"PropertyValueSpecification\",\"valueRequired\":true,\"valueName\":\"search_term_string\"}}],\"inLanguage\":\"es\"},{\"@type\":\"Organization\",\"@id\":\"https:\/\/www.lamigraf.com\/#organization\",\"name\":\"Lamigraf\",\"url\":\"https:\/\/www.lamigraf.com\/\",\"logo\":{\"@type\":\"ImageObject\",\"inLanguage\":\"es\",\"@id\":\"https:\/\/www.lamigraf.com\/#\/schema\/logo\/image\/\",\"url\":\"https:\/\/www.lamigraf.com\/wp-content\/uploads\/2024\/05\/Logo-white.svg\",\"contentUrl\":\"https:\/\/www.lamigraf.com\/wp-content\/uploads\/2024\/05\/Logo-white.svg\",\"width\":147,\"height\":36,\"caption\":\"Lamigraf\"},\"image\":{\"@id\":\"https:\/\/www.lamigraf.com\/#\/schema\/logo\/image\/\"}},{\"@type\":\"Person\",\"@id\":\"https:\/\/www.lamigraf.com\/#\/schema\/person\/dfe174307d009bbdfd0fc9a1be4781a2\",\"name\":\"Andres Gimeno\",\"image\":{\"@type\":\"ImageObject\",\"inLanguage\":\"es\",\"@id\":\"https:\/\/www.lamigraf.com\/#\/schema\/person\/image\/\",\"url\":\"https:\/\/secure.gravatar.com\/avatar\/378e43fac2dffc0bc14b7217a61364fec1e417f5cfe9fb2813716035500da4c5?s=96&d=mm&r=g\",\"contentUrl\":\"https:\/\/secure.gravatar.com\/avatar\/378e43fac2dffc0bc14b7217a61364fec1e417f5cfe9fb2813716035500da4c5?s=96&d=mm&r=g\",\"caption\":\"Andres Gimeno\"},\"url\":\"https:\/\/www.lamigraf.com\/es\/author\/andres\/\"}]}<\/script>\n<!-- \/ Yoast SEO plugin. -->","yoast_head_json":{"title":"Lamigraf participa en Interzum Guangzhou 2022 - Lamigraf","robots":{"index":"index","follow":"follow","max-snippet":"max-snippet:-1","max-image-preview":"max-image-preview:large","max-video-preview":"max-video-preview:-1"},"canonical":"https:\/\/www.lamigraf.com\/es\/lamigraf-participa-interzum-guangzhou-2022\/","og_locale":"es_ES","og_type":"article","og_title":"Lamigraf participa en Interzum Guangzhou 2022 - Lamigraf","og_description":"A pesar de las restricciones y dificultades a las que nos hemos enfrentado este a\u00f1o debido a la pandemia en China, Lamigraf pudo participar con \u00e9xito en la feria Interzum Guangzhou. Interzum Guangzhou, la feria m\u00e1s influyente de la industria de producci\u00f3n de muebles, maquinaria para la madera y decoraci\u00f3n de interiores en Asia, tuvo [&hellip;]","og_url":"https:\/\/www.lamigraf.com\/es\/lamigraf-participa-interzum-guangzhou-2022\/","og_site_name":"Lamigraf","article_published_time":"2022-09-20T06:59:23+00:00","article_modified_time":"2025-03-20T11:04:36+00:00","og_image":[{"width":1992,"height":1328,"url":"https:\/\/www.lamigraf.com\/wp-content\/uploads\/2024\/06\/IMG_9073.jpg","type":"image\/jpeg"}],"author":"Andres Gimeno","twitter_card":"summary_large_image","twitter_misc":{"Escrito por":"Andres Gimeno","Tiempo de lectura":"1 minuto"},"schema":{"@context":"https:\/\/schema.org","@graph":[{"@type":"Article","@id":"https:\/\/www.lamigraf.com\/es\/lamigraf-participa-interzum-guangzhou-2022\/#article","isPartOf":{"@id":"https:\/\/www.lamigraf.com\/es\/lamigraf-participa-interzum-guangzhou-2022\/"},"author":{"name":"Andres Gimeno","@id":"https:\/\/www.lamigraf.com\/#\/schema\/person\/dfe174307d009bbdfd0fc9a1be4781a2"},"headline":"Lamigraf participa en Interzum Guangzhou 2022","datePublished":"2022-09-20T06:59:23+00:00","dateModified":"2025-03-20T11:04:36+00:00","mainEntityOfPage":{"@id":"https:\/\/www.lamigraf.com\/es\/lamigraf-participa-interzum-guangzhou-2022\/"},"wordCount":168,"commentCount":0,"publisher":{"@id":"https:\/\/www.lamigraf.com\/#organization"},"image":{"@id":"https:\/\/www.lamigraf.com\/es\/lamigraf-participa-interzum-guangzhou-2022\/#primaryimage"},"thumbnailUrl":"https:\/\/www.lamigraf.com\/wp-content\/uploads\/2024\/06\/IMG_9073.jpg","articleSection":["Feria"],"inLanguage":"es","potentialAction":[{"@type":"CommentAction","name":"Comment","target":["https:\/\/www.lamigraf.com\/es\/lamigraf-participa-interzum-guangzhou-2022\/#respond"]}]},{"@type":"WebPage","@id":"https:\/\/www.lamigraf.com\/es\/lamigraf-participa-interzum-guangzhou-2022\/","url":"https:\/\/www.lamigraf.com\/es\/lamigraf-participa-interzum-guangzhou-2022\/","name":"Lamigraf participa en Interzum Guangzhou 2022 - Lamigraf","isPartOf":{"@id":"https:\/\/www.lamigraf.com\/#website"},"primaryImageOfPage":{"@id":"https:\/\/www.lamigraf.com\/es\/lamigraf-participa-interzum-guangzhou-2022\/#primaryimage"},"image":{"@id":"https:\/\/www.lamigraf.com\/es\/lamigraf-participa-interzum-guangzhou-2022\/#primaryimage"},"thumbnailUrl":"https:\/\/www.lamigraf.com\/wp-content\/uploads\/2024\/06\/IMG_9073.jpg","datePublished":"2022-09-20T06:59:23+00:00","dateModified":"2025-03-20T11:04:36+00:00","breadcrumb":{"@id":"https:\/\/www.lamigraf.com\/es\/lamigraf-participa-interzum-guangzhou-2022\/#breadcrumb"},"inLanguage":"es","potentialAction":[{"@type":"ReadAction","target":["https:\/\/www.lamigraf.com\/es\/lamigraf-participa-interzum-guangzhou-2022\/"]}]},{"@type":"ImageObject","inLanguage":"es","@id":"https:\/\/www.lamigraf.com\/es\/lamigraf-participa-interzum-guangzhou-2022\/#primaryimage","url":"https:\/\/www.lamigraf.com\/wp-content\/uploads\/2024\/06\/IMG_9073.jpg","contentUrl":"https:\/\/www.lamigraf.com\/wp-content\/uploads\/2024\/06\/IMG_9073.jpg","width":1992,"height":1328},{"@type":"BreadcrumbList","@id":"https:\/\/www.lamigraf.com\/es\/lamigraf-participa-interzum-guangzhou-2022\/#breadcrumb","itemListElement":[{"@type":"ListItem","position":1,"name":"Home","item":"https:\/\/www.lamigraf.com\/es\/"},{"@type":"ListItem","position":2,"name":"Lamigraf participa en Interzum Guangzhou 2022"}]},{"@type":"WebSite","@id":"https:\/\/www.lamigraf.com\/#website","url":"https:\/\/www.lamigraf.com\/","name":"Lamigraf","description":"","publisher":{"@id":"https:\/\/www.lamigraf.com\/#organization"},"potentialAction":[{"@type":"SearchAction","target":{"@type":"EntryPoint","urlTemplate":"https:\/\/www.lamigraf.com\/?s={search_term_string}"},"query-input":{"@type":"PropertyValueSpecification","valueRequired":true,"valueName":"search_term_string"}}],"inLanguage":"es"},{"@type":"Organization","@id":"https:\/\/www.lamigraf.com\/#organization","name":"Lamigraf","url":"https:\/\/www.lamigraf.com\/","logo":{"@type":"ImageObject","inLanguage":"es","@id":"https:\/\/www.lamigraf.com\/#\/schema\/logo\/image\/","url":"https:\/\/www.lamigraf.com\/wp-content\/uploads\/2024\/05\/Logo-white.svg","contentUrl":"https:\/\/www.lamigraf.com\/wp-content\/uploads\/2024\/05\/Logo-white.svg","width":147,"height":36,"caption":"Lamigraf"},"image":{"@id":"https:\/\/www.lamigraf.com\/#\/schema\/logo\/image\/"}},{"@type":"Person","@id":"https:\/\/www.lamigraf.com\/#\/schema\/person\/dfe174307d009bbdfd0fc9a1be4781a2","name":"Andres Gimeno","image":{"@type":"ImageObject","inLanguage":"es","@id":"https:\/\/www.lamigraf.com\/#\/schema\/person\/image\/","url":"https:\/\/secure.gravatar.com\/avatar\/378e43fac2dffc0bc14b7217a61364fec1e417f5cfe9fb2813716035500da4c5?s=96&d=mm&r=g","contentUrl":"https:\/\/secure.gravatar.com\/avatar\/378e43fac2dffc0bc14b7217a61364fec1e417f5cfe9fb2813716035500da4c5?s=96&d=mm&r=g","caption":"Andres Gimeno"},"url":"https:\/\/www.lamigraf.com\/es\/author\/andres\/"}]}},"_links":{"self":[{"href":"https:\/\/www.lamigraf.com\/es\/wp-json\/wp\/v2\/posts\/75873","targetHints":{"allow":["GET"]}}],"collection":[{"href":"https:\/\/www.lamigraf.com\/es\/wp-json\/wp\/v2\/posts"}],"about":[{"href":"https:\/\/www.lamigraf.com\/es\/wp-json\/wp\/v2\/types\/post"}],"author":[{"embeddable":true,"href":"https:\/\/www.lamigraf.com\/es\/wp-json\/wp\/v2\/users\/2"}],"replies":[{"embeddable":true,"href":"https:\/\/www.lamigraf.com\/es\/wp-json\/wp\/v2\/comments?post=75873"}],"version-history":[{"count":3,"href":"https:\/\/www.lamigraf.com\/es\/wp-json\/wp\/v2\/posts\/75873\/revisions"}],"predecessor-version":[{"id":86690,"href":"https:\/\/www.lamigraf.com\/es\/wp-json\/wp\/v2\/posts\/75873\/revisions\/86690"}],"wp:featuredmedia":[{"embeddable":true,"href":"https:\/\/www.lamigraf.com\/es\/wp-json\/wp\/v2\/media\/75851"}],"wp:attachment":[{"href":"https:\/\/www.lamigraf.com\/es\/wp-json\/wp\/v2\/media?parent=75873"}],"wp:term":[{"taxonomy":"category","embeddable":true,"href":"https:\/\/www.lamigraf.com\/es\/wp-json\/wp\/v2\/categories?post=75873"},{"taxonomy":"post_tag","embeddable":true,"href":"https:\/\/www.lamigraf.com\/es\/wp-json\/wp\/v2\/tags?post=75873"}],"curies":[{"name":"wp","href":"https:\/\/api.w.org\/{rel}","templated":true}]}}