{"id":75979,"date":"2023-06-06T12:33:34","date_gmt":"2023-06-06T10:33:34","guid":{"rendered":"http:\/\/lamigraf.com\/desarrollo-de-las-energias-renovables\/"},"modified":"2025-03-20T15:43:08","modified_gmt":"2025-03-20T14:43:08","slug":"desarrollo-de-las-energias-renovables","status":"publish","type":"post","link":"https:\/\/www.lamigraf.com\/es\/desarrollo-de-las-energias-renovables\/","title":{"rendered":"Desarrollo de las energ\u00edas renovables"},"content":{"rendered":"<p>LAMIGRAF, S.A. ha recibido apoyo para su proyecto de autoconsumo \u00abInstalaci\u00f3n Solar Fotovoltaica para Autoconsumo en LAMIGRAF &#8211; l&#8217;Ametlla del Vall\u00e8s\u00bb, cofinanciado por el Mecanismo Europeo de Recuperaci\u00f3n y Resiliencia PRTR-Next Generation EU, coordinado por el Ministerio para la Transici\u00f3n Ecol\u00f3gica y el Reto Demogr\u00e1fico a trav\u00e9s del IDAE y gestionado por las comunidades aut\u00f3nomas seg\u00fan el Real Decreto 477\/2021, con el objetivo de conseguir una econom\u00eda m\u00e1s limpia y sostenible.<\/p>\n<p>Se ha desarrollado un proyecto de autoconsumo con energ\u00edas renovables, consistente en una instalaci\u00f3n de placas fotovoltaicas en las instalaciones de LAMIGRAF, S.A. en l&#8217;Ametlla del Vall\u00e8s (Barcelona). En este proyecto se han instalado 1.649 m\u00f3dulos de 455 Wp, con una potencia total de 750,29 kWp.<\/p>\n\n\n<figure class=\"wp-block-image size-large\"><img loading=\"lazy\" decoding=\"async\" width=\"1024\" height=\"548\" src=\"https:\/\/www.lamigraf.com\/wp-content\/uploads\/2023\/06\/Publicidad-web_AUTOCONSUM-ICAEN_2_LAMIGRAF52-scaled-1-1024x548.jpg\" alt=\"\" class=\"wp-image-86736\" srcset=\"https:\/\/www.lamigraf.com\/wp-content\/uploads\/2023\/06\/Publicidad-web_AUTOCONSUM-ICAEN_2_LAMIGRAF52-scaled-1-1024x548.jpg 1024w, https:\/\/www.lamigraf.com\/wp-content\/uploads\/2023\/06\/Publicidad-web_AUTOCONSUM-ICAEN_2_LAMIGRAF52-scaled-1-300x161.jpg 300w, https:\/\/www.lamigraf.com\/wp-content\/uploads\/2023\/06\/Publicidad-web_AUTOCONSUM-ICAEN_2_LAMIGRAF52-scaled-1-768x411.jpg 768w, https:\/\/www.lamigraf.com\/wp-content\/uploads\/2023\/06\/Publicidad-web_AUTOCONSUM-ICAEN_2_LAMIGRAF52-scaled-1-1536x823.jpg 1536w, https:\/\/www.lamigraf.com\/wp-content\/uploads\/2023\/06\/Publicidad-web_AUTOCONSUM-ICAEN_2_LAMIGRAF52-scaled-1-2048x1097.jpg 2048w\" sizes=\"auto, (max-width: 1024px) 100vw, 1024px\" \/><\/figure>\n","protected":false},"excerpt":{"rendered":"<p>LAMIGRAF, S.A. ha recibido apoyo para su proyecto de autoconsumo \u00abInstalaci\u00f3n Solar Fotovoltaica para Autoconsumo en LAMIGRAF &#8211; l&#8217;Ametlla del Vall\u00e8s\u00bb, cofinanciado por el Mecanismo Europeo de Recuperaci\u00f3n y Resiliencia PRTR-Next Generation EU, coordinado por el Ministerio para la Transici\u00f3n Ecol\u00f3gica y el Reto Demogr\u00e1fico a trav\u00e9s del IDAE y gestionado por las comunidades aut\u00f3nomas [&hellip;]<\/p>\n","protected":false},"author":2,"featured_media":75973,"comment_status":"open","ping_status":"open","sticky":false,"template":"","format":"standard","meta":{"_acf_changed":false,"_gspb_post_css":"","footnotes":""},"categories":[876],"tags":[],"class_list":["post-75979","post","type-post","status-publish","format-standard","has-post-thumbnail","hentry","category-noticias"],"acf":[],"yoast_head":"<!-- This site is optimized with the Yoast SEO plugin v25.2 - https:\/\/yoast.com\/wordpress\/plugins\/seo\/ -->\n<title>Desarrollo de las energ\u00edas renovables - Lamigraf<\/title>\n<meta name=\"robots\" content=\"index, follow, max-snippet:-1, max-image-preview:large, max-video-preview:-1\" \/>\n<link rel=\"canonical\" href=\"https:\/\/www.lamigraf.com\/es\/desarrollo-de-las-energias-renovables\/\" \/>\n<meta property=\"og:locale\" content=\"es_ES\" \/>\n<meta property=\"og:type\" content=\"article\" \/>\n<meta property=\"og:title\" content=\"Desarrollo de las energ\u00edas renovables - Lamigraf\" \/>\n<meta property=\"og:description\" content=\"LAMIGRAF, S.A. ha recibido apoyo para su proyecto de autoconsumo \u00abInstalaci\u00f3n Solar Fotovoltaica para Autoconsumo en LAMIGRAF &#8211; l&#8217;Ametlla del Vall\u00e8s\u00bb, cofinanciado por el Mecanismo Europeo de Recuperaci\u00f3n y Resiliencia PRTR-Next Generation EU, coordinado por el Ministerio para la Transici\u00f3n Ecol\u00f3gica y el Reto Demogr\u00e1fico a trav\u00e9s del IDAE y gestionado por las comunidades aut\u00f3nomas [&hellip;]\" \/>\n<meta property=\"og:url\" content=\"https:\/\/www.lamigraf.com\/es\/desarrollo-de-las-energias-renovables\/\" \/>\n<meta property=\"og:site_name\" content=\"Lamigraf\" \/>\n<meta property=\"article:published_time\" content=\"2023-06-06T10:33:34+00:00\" \/>\n<meta property=\"article:modified_time\" content=\"2025-03-20T14:43:08+00:00\" \/>\n<meta property=\"og:image\" content=\"https:\/\/www.lamigraf.com\/wp-content\/uploads\/2024\/06\/shutterstock_1694623672-scaled-1.jpeg\" \/>\n\t<meta property=\"og:image:width\" content=\"2560\" \/>\n\t<meta property=\"og:image:height\" content=\"1350\" \/>\n\t<meta property=\"og:image:type\" content=\"image\/jpeg\" \/>\n<meta name=\"author\" content=\"Andres Gimeno\" \/>\n<meta name=\"twitter:card\" content=\"summary_large_image\" \/>\n<meta name=\"twitter:label1\" content=\"Escrito por\" \/>\n\t<meta name=\"twitter:data1\" content=\"Andres Gimeno\" \/>\n\t<meta name=\"twitter:label2\" content=\"Tiempo de lectura\" \/>\n\t<meta name=\"twitter:data2\" content=\"1 minuto\" \/>\n<script type=\"application\/ld+json\" class=\"yoast-schema-graph\">{\"@context\":\"https:\/\/schema.org\",\"@graph\":[{\"@type\":\"Article\",\"@id\":\"https:\/\/www.lamigraf.com\/es\/desarrollo-de-las-energias-renovables\/#article\",\"isPartOf\":{\"@id\":\"https:\/\/www.lamigraf.com\/es\/desarrollo-de-las-energias-renovables\/\"},\"author\":{\"name\":\"Andres Gimeno\",\"@id\":\"https:\/\/www.lamigraf.com\/#\/schema\/person\/dfe174307d009bbdfd0fc9a1be4781a2\"},\"headline\":\"Desarrollo de las energ\u00edas renovables\",\"datePublished\":\"2023-06-06T10:33:34+00:00\",\"dateModified\":\"2025-03-20T14:43:08+00:00\",\"mainEntityOfPage\":{\"@id\":\"https:\/\/www.lamigraf.com\/es\/desarrollo-de-las-energias-renovables\/\"},\"wordCount\":138,\"commentCount\":0,\"publisher\":{\"@id\":\"https:\/\/www.lamigraf.com\/#organization\"},\"image\":{\"@id\":\"https:\/\/www.lamigraf.com\/es\/desarrollo-de-las-energias-renovables\/#primaryimage\"},\"thumbnailUrl\":\"https:\/\/www.lamigraf.com\/wp-content\/uploads\/2024\/06\/shutterstock_1694623672-scaled-1.jpeg\",\"articleSection\":[\"Noticias\"],\"inLanguage\":\"es\",\"potentialAction\":[{\"@type\":\"CommentAction\",\"name\":\"Comment\",\"target\":[\"https:\/\/www.lamigraf.com\/es\/desarrollo-de-las-energias-renovables\/#respond\"]}]},{\"@type\":\"WebPage\",\"@id\":\"https:\/\/www.lamigraf.com\/es\/desarrollo-de-las-energias-renovables\/\",\"url\":\"https:\/\/www.lamigraf.com\/es\/desarrollo-de-las-energias-renovables\/\",\"name\":\"Desarrollo de las energ\u00edas renovables - Lamigraf\",\"isPartOf\":{\"@id\":\"https:\/\/www.lamigraf.com\/#website\"},\"primaryImageOfPage\":{\"@id\":\"https:\/\/www.lamigraf.com\/es\/desarrollo-de-las-energias-renovables\/#primaryimage\"},\"image\":{\"@id\":\"https:\/\/www.lamigraf.com\/es\/desarrollo-de-las-energias-renovables\/#primaryimage\"},\"thumbnailUrl\":\"https:\/\/www.lamigraf.com\/wp-content\/uploads\/2024\/06\/shutterstock_1694623672-scaled-1.jpeg\",\"datePublished\":\"2023-06-06T10:33:34+00:00\",\"dateModified\":\"2025-03-20T14:43:08+00:00\",\"breadcrumb\":{\"@id\":\"https:\/\/www.lamigraf.com\/es\/desarrollo-de-las-energias-renovables\/#breadcrumb\"},\"inLanguage\":\"es\",\"potentialAction\":[{\"@type\":\"ReadAction\",\"target\":[\"https:\/\/www.lamigraf.com\/es\/desarrollo-de-las-energias-renovables\/\"]}]},{\"@type\":\"ImageObject\",\"inLanguage\":\"es\",\"@id\":\"https:\/\/www.lamigraf.com\/es\/desarrollo-de-las-energias-renovables\/#primaryimage\",\"url\":\"https:\/\/www.lamigraf.com\/wp-content\/uploads\/2024\/06\/shutterstock_1694623672-scaled-1.jpeg\",\"contentUrl\":\"https:\/\/www.lamigraf.com\/wp-content\/uploads\/2024\/06\/shutterstock_1694623672-scaled-1.jpeg\",\"width\":2560,\"height\":1350},{\"@type\":\"BreadcrumbList\",\"@id\":\"https:\/\/www.lamigraf.com\/es\/desarrollo-de-las-energias-renovables\/#breadcrumb\",\"itemListElement\":[{\"@type\":\"ListItem\",\"position\":1,\"name\":\"Home\",\"item\":\"https:\/\/www.lamigraf.com\/es\/\"},{\"@type\":\"ListItem\",\"position\":2,\"name\":\"Desarrollo de las energ\u00edas renovables\"}]},{\"@type\":\"WebSite\",\"@id\":\"https:\/\/www.lamigraf.com\/#website\",\"url\":\"https:\/\/www.lamigraf.com\/\",\"name\":\"Lamigraf\",\"description\":\"\",\"publisher\":{\"@id\":\"https:\/\/www.lamigraf.com\/#organization\"},\"potentialAction\":[{\"@type\":\"SearchAction\",\"target\":{\"@type\":\"EntryPoint\",\"urlTemplate\":\"https:\/\/www.lamigraf.com\/?s={search_term_string}\"},\"query-input\":{\"@type\":\"PropertyValueSpecification\",\"valueRequired\":true,\"valueName\":\"search_term_string\"}}],\"inLanguage\":\"es\"},{\"@type\":\"Organization\",\"@id\":\"https:\/\/www.lamigraf.com\/#organization\",\"name\":\"Lamigraf\",\"url\":\"https:\/\/www.lamigraf.com\/\",\"logo\":{\"@type\":\"ImageObject\",\"inLanguage\":\"es\",\"@id\":\"https:\/\/www.lamigraf.com\/#\/schema\/logo\/image\/\",\"url\":\"https:\/\/www.lamigraf.com\/wp-content\/uploads\/2024\/05\/Logo-white.svg\",\"contentUrl\":\"https:\/\/www.lamigraf.com\/wp-content\/uploads\/2024\/05\/Logo-white.svg\",\"width\":147,\"height\":36,\"caption\":\"Lamigraf\"},\"image\":{\"@id\":\"https:\/\/www.lamigraf.com\/#\/schema\/logo\/image\/\"}},{\"@type\":\"Person\",\"@id\":\"https:\/\/www.lamigraf.com\/#\/schema\/person\/dfe174307d009bbdfd0fc9a1be4781a2\",\"name\":\"Andres Gimeno\",\"image\":{\"@type\":\"ImageObject\",\"inLanguage\":\"es\",\"@id\":\"https:\/\/www.lamigraf.com\/#\/schema\/person\/image\/\",\"url\":\"https:\/\/secure.gravatar.com\/avatar\/378e43fac2dffc0bc14b7217a61364fec1e417f5cfe9fb2813716035500da4c5?s=96&d=mm&r=g\",\"contentUrl\":\"https:\/\/secure.gravatar.com\/avatar\/378e43fac2dffc0bc14b7217a61364fec1e417f5cfe9fb2813716035500da4c5?s=96&d=mm&r=g\",\"caption\":\"Andres Gimeno\"},\"url\":\"https:\/\/www.lamigraf.com\/es\/author\/andres\/\"}]}<\/script>\n<!-- \/ Yoast SEO plugin. -->","yoast_head_json":{"title":"Desarrollo de las energ\u00edas renovables - Lamigraf","robots":{"index":"index","follow":"follow","max-snippet":"max-snippet:-1","max-image-preview":"max-image-preview:large","max-video-preview":"max-video-preview:-1"},"canonical":"https:\/\/www.lamigraf.com\/es\/desarrollo-de-las-energias-renovables\/","og_locale":"es_ES","og_type":"article","og_title":"Desarrollo de las energ\u00edas renovables - Lamigraf","og_description":"LAMIGRAF, S.A. ha recibido apoyo para su proyecto de autoconsumo \u00abInstalaci\u00f3n Solar Fotovoltaica para Autoconsumo en LAMIGRAF &#8211; l&#8217;Ametlla del Vall\u00e8s\u00bb, cofinanciado por el Mecanismo Europeo de Recuperaci\u00f3n y Resiliencia PRTR-Next Generation EU, coordinado por el Ministerio para la Transici\u00f3n Ecol\u00f3gica y el Reto Demogr\u00e1fico a trav\u00e9s del IDAE y gestionado por las comunidades aut\u00f3nomas [&hellip;]","og_url":"https:\/\/www.lamigraf.com\/es\/desarrollo-de-las-energias-renovables\/","og_site_name":"Lamigraf","article_published_time":"2023-06-06T10:33:34+00:00","article_modified_time":"2025-03-20T14:43:08+00:00","og_image":[{"width":2560,"height":1350,"url":"https:\/\/www.lamigraf.com\/wp-content\/uploads\/2024\/06\/shutterstock_1694623672-scaled-1.jpeg","type":"image\/jpeg"}],"author":"Andres Gimeno","twitter_card":"summary_large_image","twitter_misc":{"Escrito por":"Andres Gimeno","Tiempo de lectura":"1 minuto"},"schema":{"@context":"https:\/\/schema.org","@graph":[{"@type":"Article","@id":"https:\/\/www.lamigraf.com\/es\/desarrollo-de-las-energias-renovables\/#article","isPartOf":{"@id":"https:\/\/www.lamigraf.com\/es\/desarrollo-de-las-energias-renovables\/"},"author":{"name":"Andres Gimeno","@id":"https:\/\/www.lamigraf.com\/#\/schema\/person\/dfe174307d009bbdfd0fc9a1be4781a2"},"headline":"Desarrollo de las energ\u00edas renovables","datePublished":"2023-06-06T10:33:34+00:00","dateModified":"2025-03-20T14:43:08+00:00","mainEntityOfPage":{"@id":"https:\/\/www.lamigraf.com\/es\/desarrollo-de-las-energias-renovables\/"},"wordCount":138,"commentCount":0,"publisher":{"@id":"https:\/\/www.lamigraf.com\/#organization"},"image":{"@id":"https:\/\/www.lamigraf.com\/es\/desarrollo-de-las-energias-renovables\/#primaryimage"},"thumbnailUrl":"https:\/\/www.lamigraf.com\/wp-content\/uploads\/2024\/06\/shutterstock_1694623672-scaled-1.jpeg","articleSection":["Noticias"],"inLanguage":"es","potentialAction":[{"@type":"CommentAction","name":"Comment","target":["https:\/\/www.lamigraf.com\/es\/desarrollo-de-las-energias-renovables\/#respond"]}]},{"@type":"WebPage","@id":"https:\/\/www.lamigraf.com\/es\/desarrollo-de-las-energias-renovables\/","url":"https:\/\/www.lamigraf.com\/es\/desarrollo-de-las-energias-renovables\/","name":"Desarrollo de las energ\u00edas renovables - Lamigraf","isPartOf":{"@id":"https:\/\/www.lamigraf.com\/#website"},"primaryImageOfPage":{"@id":"https:\/\/www.lamigraf.com\/es\/desarrollo-de-las-energias-renovables\/#primaryimage"},"image":{"@id":"https:\/\/www.lamigraf.com\/es\/desarrollo-de-las-energias-renovables\/#primaryimage"},"thumbnailUrl":"https:\/\/www.lamigraf.com\/wp-content\/uploads\/2024\/06\/shutterstock_1694623672-scaled-1.jpeg","datePublished":"2023-06-06T10:33:34+00:00","dateModified":"2025-03-20T14:43:08+00:00","breadcrumb":{"@id":"https:\/\/www.lamigraf.com\/es\/desarrollo-de-las-energias-renovables\/#breadcrumb"},"inLanguage":"es","potentialAction":[{"@type":"ReadAction","target":["https:\/\/www.lamigraf.com\/es\/desarrollo-de-las-energias-renovables\/"]}]},{"@type":"ImageObject","inLanguage":"es","@id":"https:\/\/www.lamigraf.com\/es\/desarrollo-de-las-energias-renovables\/#primaryimage","url":"https:\/\/www.lamigraf.com\/wp-content\/uploads\/2024\/06\/shutterstock_1694623672-scaled-1.jpeg","contentUrl":"https:\/\/www.lamigraf.com\/wp-content\/uploads\/2024\/06\/shutterstock_1694623672-scaled-1.jpeg","width":2560,"height":1350},{"@type":"BreadcrumbList","@id":"https:\/\/www.lamigraf.com\/es\/desarrollo-de-las-energias-renovables\/#breadcrumb","itemListElement":[{"@type":"ListItem","position":1,"name":"Home","item":"https:\/\/www.lamigraf.com\/es\/"},{"@type":"ListItem","position":2,"name":"Desarrollo de las energ\u00edas renovables"}]},{"@type":"WebSite","@id":"https:\/\/www.lamigraf.com\/#website","url":"https:\/\/www.lamigraf.com\/","name":"Lamigraf","description":"","publisher":{"@id":"https:\/\/www.lamigraf.com\/#organization"},"potentialAction":[{"@type":"SearchAction","target":{"@type":"EntryPoint","urlTemplate":"https:\/\/www.lamigraf.com\/?s={search_term_string}"},"query-input":{"@type":"PropertyValueSpecification","valueRequired":true,"valueName":"search_term_string"}}],"inLanguage":"es"},{"@type":"Organization","@id":"https:\/\/www.lamigraf.com\/#organization","name":"Lamigraf","url":"https:\/\/www.lamigraf.com\/","logo":{"@type":"ImageObject","inLanguage":"es","@id":"https:\/\/www.lamigraf.com\/#\/schema\/logo\/image\/","url":"https:\/\/www.lamigraf.com\/wp-content\/uploads\/2024\/05\/Logo-white.svg","contentUrl":"https:\/\/www.lamigraf.com\/wp-content\/uploads\/2024\/05\/Logo-white.svg","width":147,"height":36,"caption":"Lamigraf"},"image":{"@id":"https:\/\/www.lamigraf.com\/#\/schema\/logo\/image\/"}},{"@type":"Person","@id":"https:\/\/www.lamigraf.com\/#\/schema\/person\/dfe174307d009bbdfd0fc9a1be4781a2","name":"Andres Gimeno","image":{"@type":"ImageObject","inLanguage":"es","@id":"https:\/\/www.lamigraf.com\/#\/schema\/person\/image\/","url":"https:\/\/secure.gravatar.com\/avatar\/378e43fac2dffc0bc14b7217a61364fec1e417f5cfe9fb2813716035500da4c5?s=96&d=mm&r=g","contentUrl":"https:\/\/secure.gravatar.com\/avatar\/378e43fac2dffc0bc14b7217a61364fec1e417f5cfe9fb2813716035500da4c5?s=96&d=mm&r=g","caption":"Andres Gimeno"},"url":"https:\/\/www.lamigraf.com\/es\/author\/andres\/"}]}},"_links":{"self":[{"href":"https:\/\/www.lamigraf.com\/es\/wp-json\/wp\/v2\/posts\/75979","targetHints":{"allow":["GET"]}}],"collection":[{"href":"https:\/\/www.lamigraf.com\/es\/wp-json\/wp\/v2\/posts"}],"about":[{"href":"https:\/\/www.lamigraf.com\/es\/wp-json\/wp\/v2\/types\/post"}],"author":[{"embeddable":true,"href":"https:\/\/www.lamigraf.com\/es\/wp-json\/wp\/v2\/users\/2"}],"replies":[{"embeddable":true,"href":"https:\/\/www.lamigraf.com\/es\/wp-json\/wp\/v2\/comments?post=75979"}],"version-history":[{"count":3,"href":"https:\/\/www.lamigraf.com\/es\/wp-json\/wp\/v2\/posts\/75979\/revisions"}],"predecessor-version":[{"id":86743,"href":"https:\/\/www.lamigraf.com\/es\/wp-json\/wp\/v2\/posts\/75979\/revisions\/86743"}],"wp:featuredmedia":[{"embeddable":true,"href":"https:\/\/www.lamigraf.com\/es\/wp-json\/wp\/v2\/media\/75973"}],"wp:attachment":[{"href":"https:\/\/www.lamigraf.com\/es\/wp-json\/wp\/v2\/media?parent=75979"}],"wp:term":[{"taxonomy":"category","embeddable":true,"href":"https:\/\/www.lamigraf.com\/es\/wp-json\/wp\/v2\/categories?post=75979"},{"taxonomy":"post_tag","embeddable":true,"href":"https:\/\/www.lamigraf.com\/es\/wp-json\/wp\/v2\/tags?post=75979"}],"curies":[{"name":"wp","href":"https:\/\/api.w.org\/{rel}","templated":true}]}}